{"id":210587,"date":"2026-03-16T08:03:23","date_gmt":"2026-03-16T07:03:23","guid":{"rendered":"https:\/\/rna.ao\/rna.ao\/?p=210587"},"modified":"2026-03-16T08:50:35","modified_gmt":"2026-03-16T07:50:35","slug":"as-mais-lidas-da-semana-22","status":"publish","type":"post","link":"https:\/\/rna.ao\/rna.ao\/2026\/03\/16\/as-mais-lidas-da-semana-22\/","title":{"rendered":"As mais lidas da semana"},"content":{"rendered":"<blockquote class=\"wp-embedded-content\" data-secret=\"mBDTdfAYcl\"><p><a href=\"https:\/\/rna.ao\/rna.ao\/2026\/03\/09\/detido-o-principal-financiador-da-actividade-clandestina-de-mineracao-de-criptomoeda-no-pais\/\">Detido o principal financiador da actividade clandestina de minera\u00e7\u00e3o de criptomoeda no pa\u00eds<\/a><\/p><\/blockquote>\n<p><iframe class=\"wp-embedded-content\" sandbox=\"allow-scripts\" security=\"restricted\" style=\"position: absolute; clip: rect(1px, 1px, 1px, 1px);\" title=\"&#8220;Detido o principal financiador da actividade clandestina de minera\u00e7\u00e3o de criptomoeda no pa\u00eds&#8221; &#8212; RNA\" src=\"https:\/\/rna.ao\/rna.ao\/2026\/03\/09\/detido-o-principal-financiador-da-actividade-clandestina-de-mineracao-de-criptomoeda-no-pais\/embed\/#?secret=mBDTdfAYcl\" data-secret=\"mBDTdfAYcl\" width=\"600\" height=\"338\" frameborder=\"0\" marginwidth=\"0\" marginheight=\"0\" scrolling=\"no\"><\/iframe><\/p>\n<blockquote class=\"wp-embedded-content\" data-secret=\"RdpzhchWGh\"><p><a href=\"https:\/\/rna.ao\/rna.ao\/2026\/03\/11\/sociedade-gestora-de-aeroportos-tem-novo-pce-njinga-nerica-pimentel-pitta-gros-e-a-nova-presidente-da-comissao-executiva-da-sga\/\">Sociedade Gestora de aeroportos tem novo PCE. N\u2019Jinga Nerica Pimentel Pitta-Gr\u00f3s \u00e9 a nova Presidente da Comiss\u00e3o Executiva da SGA<\/a><\/p><\/blockquote>\n<p><iframe class=\"wp-embedded-content\" sandbox=\"allow-scripts\" security=\"restricted\" style=\"position: absolute; clip: rect(1px, 1px, 1px, 1px);\" title=\"&#8220;Sociedade Gestora de aeroportos tem novo PCE. N\u2019Jinga Nerica Pimentel Pitta-Gr\u00f3s \u00e9 a nova Presidente da Comiss\u00e3o Executiva da SGA&#8221; &#8212; RNA\" src=\"https:\/\/rna.ao\/rna.ao\/2026\/03\/11\/sociedade-gestora-de-aeroportos-tem-novo-pce-njinga-nerica-pimentel-pitta-gros-e-a-nova-presidente-da-comissao-executiva-da-sga\/embed\/#?secret=RdpzhchWGh\" data-secret=\"RdpzhchWGh\" width=\"600\" height=\"338\" frameborder=\"0\" marginwidth=\"0\" marginheight=\"0\" scrolling=\"no\"><\/iframe><\/p>\n<blockquote class=\"wp-embedded-content\" data-secret=\"c6cTFU0f2M\"><p><a href=\"https:\/\/rna.ao\/rna.ao\/2026\/03\/09\/presidente-joao-lourenco-participa-em-almoco-protocolar-no-palacio-de-belem\/\">Presidente Jo\u00e3o Louren\u00e7o participa em almo\u00e7o protocolar no Pal\u00e1cio de Bel\u00e9m<\/a><\/p><\/blockquote>\n<p><iframe class=\"wp-embedded-content\" sandbox=\"allow-scripts\" security=\"restricted\" style=\"position: absolute; clip: rect(1px, 1px, 1px, 1px);\" title=\"&#8220;Presidente Jo\u00e3o Louren\u00e7o participa em almo\u00e7o protocolar no Pal\u00e1cio de Bel\u00e9m&#8221; &#8212; RNA\" src=\"https:\/\/rna.ao\/rna.ao\/2026\/03\/09\/presidente-joao-lourenco-participa-em-almoco-protocolar-no-palacio-de-belem\/embed\/#?secret=c6cTFU0f2M\" data-secret=\"c6cTFU0f2M\" width=\"600\" height=\"338\" frameborder=\"0\" marginwidth=\"0\" marginheight=\"0\" scrolling=\"no\"><\/iframe><\/p>\n<blockquote class=\"wp-embedded-content\" data-secret=\"YI7FWJ8DEt\"><p><a href=\"https:\/\/rna.ao\/rna.ao\/2026\/03\/10\/angolana-assume-posicao-de-lideranca-em-hospital-de-referencia-no-brasil\/\">Angolana assume posi\u00e7\u00e3o de lideran\u00e7a em hospital de refer\u00eancia no Brasil<\/a><\/p><\/blockquote>\n<p><iframe class=\"wp-embedded-content\" sandbox=\"allow-scripts\" security=\"restricted\" style=\"position: absolute; clip: rect(1px, 1px, 1px, 1px);\" title=\"&#8220;Angolana assume posi\u00e7\u00e3o de lideran\u00e7a em hospital de refer\u00eancia no Brasil&#8221; &#8212; RNA\" src=\"https:\/\/rna.ao\/rna.ao\/2026\/03\/10\/angolana-assume-posicao-de-lideranca-em-hospital-de-referencia-no-brasil\/embed\/#?secret=YI7FWJ8DEt\" data-secret=\"YI7FWJ8DEt\" width=\"600\" height=\"338\" frameborder=\"0\" marginwidth=\"0\" marginheight=\"0\" scrolling=\"no\"><\/iframe><\/p>\n<blockquote class=\"wp-embedded-content\" data-secret=\"CpLzy8Q2U3\"><p><a href=\"https:\/\/rna.ao\/rna.ao\/2026\/03\/10\/presidente-da-republica-exonera-rui-carreira-do-cargo-de-secretario-de-estado-para-a-aviacao-civil-maritimo-e-portuario\/\">Presidente da Rep\u00fablica  exonera Rui Carreira do cargo de secret\u00e1rio de Estado para a Avia\u00e7\u00e3o Civil, Mar\u00edtimo e Portu\u00e1rio<\/a><\/p><\/blockquote>\n<p><iframe class=\"wp-embedded-content\" sandbox=\"allow-scripts\" security=\"restricted\" style=\"position: absolute; clip: rect(1px, 1px, 1px, 1px);\" title=\"&#8220;Presidente da Rep\u00fablica  exonera Rui Carreira do cargo de secret\u00e1rio de Estado para a Avia\u00e7\u00e3o Civil, Mar\u00edtimo e Portu\u00e1rio&#8221; &#8212; RNA\" src=\"https:\/\/rna.ao\/rna.ao\/2026\/03\/10\/presidente-da-republica-exonera-rui-carreira-do-cargo-de-secretario-de-estado-para-a-aviacao-civil-maritimo-e-portuario\/embed\/#?secret=CpLzy8Q2U3\" data-secret=\"CpLzy8Q2U3\" width=\"600\" height=\"338\" frameborder=\"0\" marginwidth=\"0\" marginheight=\"0\" scrolling=\"no\"><\/iframe><\/p>\n","protected":false},"excerpt":{"rendered":"<p>Detido o principal financiador da actividade clandestina de minera\u00e7\u00e3o de criptomoeda no pa\u00eds Sociedade Gestora de aeroportos tem novo PCE. N\u2019Jinga Nerica Pimentel Pitta-Gr\u00f3s \u00e9 a nova Presidente da Comiss\u00e3o Executiva da SGA Presidente Jo\u00e3o Louren\u00e7o participa em almo\u00e7o protocolar no Pal\u00e1cio de Bel\u00e9m Angolana assume posi\u00e7\u00e3o de lideran\u00e7a em ...<\/p>\n","protected":false},"author":9,"featured_media":210589,"comment_status":"closed","ping_status":"closed","sticky":false,"template":"","format":"standard","meta":[],"categories":[142,121,164,163,1],"tags":[],"_links":{"self":[{"href":"https:\/\/rna.ao\/rna.ao\/wp-json\/wp\/v2\/posts\/210587"}],"collection":[{"href":"https:\/\/rna.ao\/rna.ao\/wp-json\/wp\/v2\/posts"}],"about":[{"href":"https:\/\/rna.ao\/rna.ao\/wp-json\/wp\/v2\/types\/post"}],"author":[{"embeddable":true,"href":"https:\/\/rna.ao\/rna.ao\/wp-json\/wp\/v2\/users\/9"}],"replies":[{"embeddable":true,"href":"https:\/\/rna.ao\/rna.ao\/wp-json\/wp\/v2\/comments?post=210587"}],"version-history":[{"count":1,"href":"https:\/\/rna.ao\/rna.ao\/wp-json\/wp\/v2\/posts\/210587\/revisions"}],"predecessor-version":[{"id":210588,"href":"https:\/\/rna.ao\/rna.ao\/wp-json\/wp\/v2\/posts\/210587\/revisions\/210588"}],"wp:featuredmedia":[{"embeddable":true,"href":"https:\/\/rna.ao\/rna.ao\/wp-json\/wp\/v2\/media\/210589"}],"wp:attachment":[{"href":"https:\/\/rna.ao\/rna.ao\/wp-json\/wp\/v2\/media?parent=210587"}],"wp:term":[{"taxonomy":"category","embeddable":true,"href":"https:\/\/rna.ao\/rna.ao\/wp-json\/wp\/v2\/categories?post=210587"},{"taxonomy":"post_tag","embeddable":true,"href":"https:\/\/rna.ao\/rna.ao\/wp-json\/wp\/v2\/tags?post=210587"}],"curies":[{"name":"wp","href":"https:\/\/api.w.org\/{rel}","templated":true}]}}