{"id":210582,"date":"2026-03-15T11:16:47","date_gmt":"2026-03-15T10:16:47","guid":{"rendered":"https:\/\/rna.ao\/rna.ao\/?p=210582"},"modified":"2026-03-15T11:17:23","modified_gmt":"2026-03-15T10:17:23","slug":"ministerio-da-saude-lamenta-vitimas-de-acidente-no-cabo-ledo-entre-elas-enfermeiros","status":"publish","type":"post","link":"https:\/\/rna.ao\/rna.ao\/2026\/03\/15\/ministerio-da-saude-lamenta-vitimas-de-acidente-no-cabo-ledo-entre-elas-enfermeiros\/","title":{"rendered":"Minist\u00e9rio da Sa\u00fade lamenta v\u00edtimas de acidente no Cabo Ledo, entre elas enfermeiros"},"content":{"rendered":"<p><img loading=\"lazy\" class=\"alignnone size-medium wp-image-210583\" src=\"https:\/\/rna.ao\/rna.ao\/wp-content\/uploads\/2026\/03\/IMG_0545-578x770.jpeg\" alt=\"\" width=\"578\" height=\"770\" srcset=\"https:\/\/rna.ao\/rna.ao\/wp-content\/uploads\/2026\/03\/IMG_0545-578x770.jpeg 578w, https:\/\/rna.ao\/rna.ao\/wp-content\/uploads\/2026\/03\/IMG_0545.jpeg 720w\" sizes=\"(max-width: 578px) 100vw, 578px\" \/><\/p>\n<p>O Minist\u00e9rio da Sa\u00fade manifestou profundo pesar pelo tr\u00e1gico acidente de via\u00e7\u00e3o ocorrido nas imedia\u00e7\u00f5es do Cabo Ledo, na prov\u00edncia de Icolo e Bengo, que resultou em v\u00e1rias v\u00edtimas mortais e feridos, entre os quais profissionais de enfermagem que regressavam de uma actividade promovida pela Ordem dos Enfermeiros de Angola, realizada na prov\u00edncia da Hu\u00edla.<\/p>\n<p>Em nota de condol\u00eancias, o Minist\u00e9rio refere que o acidente provocou a perda irrepar\u00e1vel de cidad\u00e3os que seguiam na mesma viatura, incluindo enfermeiros que se distinguiam pela dedica\u00e7\u00e3o, profissionalismo e elevado sentido de miss\u00e3o ao servi\u00e7o da sa\u00fade e do povo angolano.<\/p>\n<p>Segundo a mesma nota, oito feridos foram encaminhados para o Complexo Hospitalar General Pedro Tonha Pedal\u00e9, enquanto outros deram entrada no Hospital do Prenda, Hospital Josina Machel e Hospital Geral de Luanda, alguns em estado grave e a receber assist\u00eancia m\u00e9dica especializada.<\/p>\n<p>A Ministra da Sa\u00fade, S\u00edlvia Lutucuta, expressou as mais sentidas condol\u00eancias \u00e0s fam\u00edlias enlutadas, aos colegas de profiss\u00e3o e \u00e0 classe de enfermagem, sublinhando que o pa\u00eds perde profissionais dedicados \u00e0 nobre miss\u00e3o de cuidar da vida.<\/p>\n<p>O Minist\u00e9rio da Sa\u00fade assegura que continua a acompanhar a situa\u00e7\u00e3o dos feridos e est\u00e1 a mobilizar todos os meios necess\u00e1rios para garantir assist\u00eancia m\u00e9dica adequada.<\/p>\n","protected":false},"excerpt":{"rendered":"<p>O Minist\u00e9rio da Sa\u00fade manifestou profundo pesar pelo tr\u00e1gico acidente de via\u00e7\u00e3o ocorrido nas imedia\u00e7\u00f5es do Cabo Ledo, na prov\u00edncia de Icolo e Bengo, que resultou em v\u00e1rias v\u00edtimas mortais e feridos, entre os quais profissionais de enfermagem que regressavam de uma actividade promovida pela Ordem dos Enfermeiros de Angola, ...<\/p>\n","protected":false},"author":9,"featured_media":210584,"comment_status":"closed","ping_status":"closed","sticky":false,"template":"","format":"standard","meta":[],"categories":[142,121,163],"tags":[],"_links":{"self":[{"href":"https:\/\/rna.ao\/rna.ao\/wp-json\/wp\/v2\/posts\/210582"}],"collection":[{"href":"https:\/\/rna.ao\/rna.ao\/wp-json\/wp\/v2\/posts"}],"about":[{"href":"https:\/\/rna.ao\/rna.ao\/wp-json\/wp\/v2\/types\/post"}],"author":[{"embeddable":true,"href":"https:\/\/rna.ao\/rna.ao\/wp-json\/wp\/v2\/users\/9"}],"replies":[{"embeddable":true,"href":"https:\/\/rna.ao\/rna.ao\/wp-json\/wp\/v2\/comments?post=210582"}],"version-history":[{"count":2,"href":"https:\/\/rna.ao\/rna.ao\/wp-json\/wp\/v2\/posts\/210582\/revisions"}],"predecessor-version":[{"id":210586,"href":"https:\/\/rna.ao\/rna.ao\/wp-json\/wp\/v2\/posts\/210582\/revisions\/210586"}],"wp:featuredmedia":[{"embeddable":true,"href":"https:\/\/rna.ao\/rna.ao\/wp-json\/wp\/v2\/media\/210584"}],"wp:attachment":[{"href":"https:\/\/rna.ao\/rna.ao\/wp-json\/wp\/v2\/media?parent=210582"}],"wp:term":[{"taxonomy":"category","embeddable":true,"href":"https:\/\/rna.ao\/rna.ao\/wp-json\/wp\/v2\/categories?post=210582"},{"taxonomy":"post_tag","embeddable":true,"href":"https:\/\/rna.ao\/rna.ao\/wp-json\/wp\/v2\/tags?post=210582"}],"curies":[{"name":"wp","href":"https:\/\/api.w.org\/{rel}","templated":true}]}}