{"id":210561,"date":"2026-03-14T11:03:47","date_gmt":"2026-03-14T10:03:47","guid":{"rendered":"https:\/\/rna.ao\/rna.ao\/?p=210561"},"modified":"2026-03-14T11:03:47","modified_gmt":"2026-03-14T10:03:47","slug":"lanterna-vermelha-do-campeonato-vence-sao-salvador-e-soma-a-sua-terceira-vitoria","status":"publish","type":"post","link":"https:\/\/rna.ao\/rna.ao\/2026\/03\/14\/lanterna-vermelha-do-campeonato-vence-sao-salvador-e-soma-a-sua-terceira-vitoria\/","title":{"rendered":"Lanterna vermelha do campeonato vence S\u00e3o Salvador e soma a sua terceira vit\u00f3ria"},"content":{"rendered":"<p><img loading=\"lazy\" class=\"wp-image-210566 alignleft\" src=\"https:\/\/rna.ao\/rna.ao\/wp-content\/uploads\/2026\/03\/RSD-Guelson-FCC-770x656.jpg\" alt=\"\" width=\"343\" height=\"292\" srcset=\"https:\/\/rna.ao\/rna.ao\/wp-content\/uploads\/2026\/03\/RSD-Guelson-FCC-770x656.jpg 770w, https:\/\/rna.ao\/rna.ao\/wp-content\/uploads\/2026\/03\/RSD-Guelson-FCC-768x654.jpg 768w, https:\/\/rna.ao\/rna.ao\/wp-content\/uploads\/2026\/03\/RSD-Guelson-FCC.jpg 1080w\" sizes=\"(max-width: 343px) 100vw, 343px\" \/>O Guelson FC somou a sua terceira vit\u00f3ria no campeonato ao bater o S. Salvador do Zaire por 3-1 na abertura da 18\u00ba jornada, ontem, sexta-feira(13). Apesar do triunfo, o treinador Paulo Dias considerou o jogo dif\u00edcil, sublinhando que a sua equipa esteve ao melhor n\u00edvel e conseguiu a efic\u00e1cia necess\u00e1ria para marcar tr\u00eas golos. Clique no \u00e1udio abaixo e ou\u00e7a:<\/p>\n\t<div class=\"qtmplayer-playlist-large\">\n\t\t<ul class=\"qtmplayer-playlist\">\n\t\t\t\n\t\t\t\t\t<li class=\"qtmplayer-trackitem\">\n\t\t<img src=\"https:\/\/rna.ao\/rna.ao\/wp-content\/uploads\/2026\/03\/RSD-Guelson-FC-100x100.jpg\" alt=\"cover\">\t\t<span \t\t\tdata-qtmplayer-cover=\"https:\/\/rna.ao\/rna.ao\/wp-content\/uploads\/2026\/03\/RSD-Guelson-FC-370x370.jpg\"\n\t\t\t\t\t\tdata-qtmplayer-file=\"https:\/\/rna.ao\/rna.ao\/wp-content\/uploads\/2026\/03\/7-PAUKO-DIAS-13-03-25.mp3\"\n\t\t\t\t\t\tdata-qtmplayer-title=\"Lanterna vermelha do campeonato vence S\u00e3o Salvador e soma a sua terceira vit\u00f3ria\"\n\t\t\t\t\t\tdata-qtmplayer-artist=\"Ant\u00f3nio Augusto\"\n\t\t\t\t\t\tdata-qtmplayer-link=\"https:\/\/rna.ao\/rna.ao\/2026\/03\/14\/lanterna-vermelha-do-campeonato-vence-sao-salvador-e-soma-a-sua-terceira-vitoria\/\"\n\t\t\t\t\t\tdata-qtmplayer-icon=\"file_download\"\n\t\t\t\t\t\tdata-qtmplayer-type=\"track\"\n\t\t\t class=\"qtmplayer-play qtmplayer-link-sec qtmplayer-play-btn\"><i class='material-icons'>play_arrow<\/i><\/span>\n\t\t<p>\n\t\t\t<span class=\"qtmplayer-tit\">Lanterna vermelha do campeonato vence S\u00e3o Salvador e soma a sua terceira vit\u00f3ria<\/span>\n\t\t\t<span class=\"qtmplayer-art\">Ant\u00f3nio Augusto<\/span>\n\t\t<\/p>\n\t<\/li>\n\t\t<\/ul>\n\t<\/div>\t\t\t\n\t\n<p><img loading=\"lazy\" class=\"wp-image-210565 alignleft\" src=\"https:\/\/rna.ao\/rna.ao\/wp-content\/uploads\/2026\/03\/Salvador-do-Zaire.jpg\" alt=\"\" width=\"353\" height=\"312\" \/>Silva Cussanda, o treinador dos representantes da cidade patrim\u00f3nio da humanidade, ressaltou o facto de os seus jogadores terem abordado mal o jogo logo no in\u00edcio. Clique no \u00e1udio abaixo e ou\u00e7a:<\/p>\n\t<div class=\"qtmplayer-playlist-large\">\n\t\t<ul class=\"qtmplayer-playlist\">\n\t\t\t\n\t\t\t\t\t<li class=\"qtmplayer-trackitem\">\n\t\t<img src=\"https:\/\/rna.ao\/rna.ao\/wp-content\/uploads\/2026\/03\/RSD-Guelson-FC-100x100.jpg\" alt=\"cover\">\t\t<span \t\t\tdata-qtmplayer-cover=\"https:\/\/rna.ao\/rna.ao\/wp-content\/uploads\/2026\/03\/RSD-Guelson-FC-370x370.jpg\"\n\t\t\t\t\t\tdata-qtmplayer-file=\"https:\/\/rna.ao\/rna.ao\/wp-content\/uploads\/2026\/03\/8-SILVA-CUSSANDA-13-03-25.mp3\"\n\t\t\t\t\t\tdata-qtmplayer-title=\"Lanterna vermelha do campeonato vence S\u00e3o Salvador e soma a sua terceira vit\u00f3ria\"\n\t\t\t\t\t\tdata-qtmplayer-artist=\"Ant\u00f3nio Augusto\"\n\t\t\t\t\t\tdata-qtmplayer-link=\"https:\/\/rna.ao\/rna.ao\/2026\/03\/14\/lanterna-vermelha-do-campeonato-vence-sao-salvador-e-soma-a-sua-terceira-vitoria\/\"\n\t\t\t\t\t\tdata-qtmplayer-icon=\"file_download\"\n\t\t\t\t\t\tdata-qtmplayer-type=\"track\"\n\t\t\t class=\"qtmplayer-play qtmplayer-link-sec qtmplayer-play-btn\"><i class='material-icons'>play_arrow<\/i><\/span>\n\t\t<p>\n\t\t\t<span class=\"qtmplayer-tit\">Lanterna vermelha do campeonato vence S\u00e3o Salvador e soma a sua terceira vit\u00f3ria<\/span>\n\t\t\t<span class=\"qtmplayer-art\">Ant\u00f3nio Augusto<\/span>\n\t\t<\/p>\n\t<\/li>\n\t\t<\/ul>\n\t<\/div>\t\t\t\n\t\n<p>Em rela\u00e7\u00e3o \u00e0 classifica\u00e7\u00e3o, o Petro de Luanda, lidera a prova com 45 pontos, na segunda posi\u00e7\u00e3o vem o 1\u00ba de Agosto com 39, o Wiliete de Benguela \u00e9 terceiro com 38, ao passo que o Guelson FC de Luanda continua a ser o \u00faltimo com apenas 10 pontos. Dag\u00f4, avan\u00e7ado do 1\u00ba D\u2019Agosto com 11 golos rubricados, \u00e9 o l\u00edder da artilharia.<\/p>\n","protected":false},"excerpt":{"rendered":"<p>O Guelson FC somou a sua terceira vit\u00f3ria no campeonato ao bater o S. Salvador do Zaire por 3-1 na abertura da 18\u00ba jornada, ontem, sexta-feira(13). Apesar do triunfo, o treinador Paulo Dias considerou o jogo dif\u00edcil, sublinhando que a sua equipa esteve ao melhor n\u00edvel e conseguiu a efic\u00e1cia ...<\/p>\n","protected":false},"author":23,"featured_media":210564,"comment_status":"closed","ping_status":"closed","sticky":false,"template":"","format":"standard","meta":[],"categories":[145,125,164],"tags":[],"_links":{"self":[{"href":"https:\/\/rna.ao\/rna.ao\/wp-json\/wp\/v2\/posts\/210561"}],"collection":[{"href":"https:\/\/rna.ao\/rna.ao\/wp-json\/wp\/v2\/posts"}],"about":[{"href":"https:\/\/rna.ao\/rna.ao\/wp-json\/wp\/v2\/types\/post"}],"author":[{"embeddable":true,"href":"https:\/\/rna.ao\/rna.ao\/wp-json\/wp\/v2\/users\/23"}],"replies":[{"embeddable":true,"href":"https:\/\/rna.ao\/rna.ao\/wp-json\/wp\/v2\/comments?post=210561"}],"version-history":[{"count":1,"href":"https:\/\/rna.ao\/rna.ao\/wp-json\/wp\/v2\/posts\/210561\/revisions"}],"predecessor-version":[{"id":210568,"href":"https:\/\/rna.ao\/rna.ao\/wp-json\/wp\/v2\/posts\/210561\/revisions\/210568"}],"wp:featuredmedia":[{"embeddable":true,"href":"https:\/\/rna.ao\/rna.ao\/wp-json\/wp\/v2\/media\/210564"}],"wp:attachment":[{"href":"https:\/\/rna.ao\/rna.ao\/wp-json\/wp\/v2\/media?parent=210561"}],"wp:term":[{"taxonomy":"category","embeddable":true,"href":"https:\/\/rna.ao\/rna.ao\/wp-json\/wp\/v2\/categories?post=210561"},{"taxonomy":"post_tag","embeddable":true,"href":"https:\/\/rna.ao\/rna.ao\/wp-json\/wp\/v2\/tags?post=210561"}],"curies":[{"name":"wp","href":"https:\/\/api.w.org\/{rel}","templated":true}]}}