{"id":210544,"date":"2026-03-14T10:27:17","date_gmt":"2026-03-14T09:27:17","guid":{"rendered":"https:\/\/rna.ao\/rna.ao\/?p=210544"},"modified":"2026-03-14T10:27:17","modified_gmt":"2026-03-14T09:27:17","slug":"seleccao-masculina-de-andebol-da-inicio-a-preparacao-do-campeonato-do-mundo-da-modalidade","status":"publish","type":"post","link":"https:\/\/rna.ao\/rna.ao\/2026\/03\/14\/seleccao-masculina-de-andebol-da-inicio-a-preparacao-do-campeonato-do-mundo-da-modalidade\/","title":{"rendered":"Selec\u00e7\u00e3o masculina de Andebol d\u00e1 in\u00edcio a prepara\u00e7\u00e3o do campeonato do mundo da modalidade"},"content":{"rendered":"<p><img loading=\"lazy\" class=\"size-full wp-image-129193 alignleft\" src=\"https:\/\/rna.ao\/rna.ao\/wp-content\/uploads\/2024\/01\/andebol-masculino-2.jpg\" alt=\"\" width=\"461\" height=\"308\" \/>A Selec\u00e7\u00e3o Nacional de Andebol cumpre, este s\u00e1bado, o segundo dia de prepara\u00e7\u00e3o sob as ordens do seleccionador Filipe Cruz. Dos 19 jogadores convocados para este primeiro ciclo de trabalhos rumo ao Mundial da Alemanha (que decorrer\u00e1 de 13 a 31 de janeiro de 2027), todos atuam no campeonato interno.<\/p>\n<p>O 1.\u00ba de Agosto \u00e9 o clube mais representado com 8 jogadores, seguindo-se o campe\u00e3o Interclube com 7, o Petro de Luanda com 3 e o Inter B com 1 atleta. Recorde-se que Angola garantiu a qualifica\u00e7\u00e3o para o Mundial ap\u00f3s conquistar o 5.\u00ba lugar no Campeonato Africano disputado em Kigali, no Ruanda.<\/p>\n","protected":false},"excerpt":{"rendered":"<p>A Selec\u00e7\u00e3o Nacional de Andebol cumpre, este s\u00e1bado, o segundo dia de prepara\u00e7\u00e3o sob as ordens do seleccionador Filipe Cruz. Dos 19 jogadores convocados para este primeiro ciclo de trabalhos rumo ao Mundial da Alemanha (que decorrer\u00e1 de 13 a 31 de janeiro de 2027), todos atuam no campeonato interno. ...<\/p>\n","protected":false},"author":23,"featured_media":127945,"comment_status":"closed","ping_status":"closed","sticky":false,"template":"","format":"standard","meta":[],"categories":[145,125,164],"tags":[],"_links":{"self":[{"href":"https:\/\/rna.ao\/rna.ao\/wp-json\/wp\/v2\/posts\/210544"}],"collection":[{"href":"https:\/\/rna.ao\/rna.ao\/wp-json\/wp\/v2\/posts"}],"about":[{"href":"https:\/\/rna.ao\/rna.ao\/wp-json\/wp\/v2\/types\/post"}],"author":[{"embeddable":true,"href":"https:\/\/rna.ao\/rna.ao\/wp-json\/wp\/v2\/users\/23"}],"replies":[{"embeddable":true,"href":"https:\/\/rna.ao\/rna.ao\/wp-json\/wp\/v2\/comments?post=210544"}],"version-history":[{"count":1,"href":"https:\/\/rna.ao\/rna.ao\/wp-json\/wp\/v2\/posts\/210544\/revisions"}],"predecessor-version":[{"id":210548,"href":"https:\/\/rna.ao\/rna.ao\/wp-json\/wp\/v2\/posts\/210544\/revisions\/210548"}],"wp:featuredmedia":[{"embeddable":true,"href":"https:\/\/rna.ao\/rna.ao\/wp-json\/wp\/v2\/media\/127945"}],"wp:attachment":[{"href":"https:\/\/rna.ao\/rna.ao\/wp-json\/wp\/v2\/media?parent=210544"}],"wp:term":[{"taxonomy":"category","embeddable":true,"href":"https:\/\/rna.ao\/rna.ao\/wp-json\/wp\/v2\/categories?post=210544"},{"taxonomy":"post_tag","embeddable":true,"href":"https:\/\/rna.ao\/rna.ao\/wp-json\/wp\/v2\/tags?post=210544"}],"curies":[{"name":"wp","href":"https:\/\/api.w.org\/{rel}","templated":true}]}}