{"id":210514,"date":"2026-03-14T09:15:04","date_gmt":"2026-03-14T08:15:04","guid":{"rendered":"https:\/\/rna.ao\/rna.ao\/?p=210514"},"modified":"2026-03-14T09:15:04","modified_gmt":"2026-03-14T08:15:04","slug":"unita-termina-jornadas-parlamentares-na-regiao-de-muangai","status":"publish","type":"post","link":"https:\/\/rna.ao\/rna.ao\/2026\/03\/14\/unita-termina-jornadas-parlamentares-na-regiao-de-muangai\/","title":{"rendered":"UNITA termina jornadas Parlamentares na Regi\u00e3o de Muangai"},"content":{"rendered":"<p><img loading=\"lazy\" class=\"size-medium wp-image-210517 alignleft\" src=\"https:\/\/rna.ao\/rna.ao\/wp-content\/uploads\/2026\/03\/ADALBERTO-COSTA-JUNIOR-ACJ.jpg\" alt=\"\" width=\"180\" height=\"240\" \/>O Presidente da UNITA, Adalberto Costa J\u00fanior, sublinhou o est\u00e1gio de circula\u00e7\u00e3o de pessoas e bens que se assiste no pa\u00eds. Adalberto Costa J\u00fanior, fez essa descri\u00e7\u00e3o em Saurimo, onde passou a caminho da localidade de Munguai no Moxico, que acolheu o acto central dos 60 anos da cria\u00e7\u00e3o da UNITA. Em Saurimo, Adalberto Costa J\u00fanior, conversou com o Rei Tchokw\u00e9, Lukhassa Jo\u00e3o. Clique no \u00e1udio abaixo para obter mais informa\u00e7\u00e3o com o jornalista Dinis Armando:<\/p>\n\t<div class=\"qtmplayer-playlist-large\">\n\t\t<ul class=\"qtmplayer-playlist\">\n\t\t\t\n\t\t\t\t\t<li class=\"qtmplayer-trackitem\">\n\t\t<img src=\"https:\/\/rna.ao\/rna.ao\/wp-content\/uploads\/2026\/03\/UNITAAAA-100x100.jpg\" alt=\"cover\">\t\t<span \t\t\tdata-qtmplayer-cover=\"https:\/\/rna.ao\/rna.ao\/wp-content\/uploads\/2026\/03\/UNITAAAA-370x370.jpg\"\n\t\t\t\t\t\tdata-qtmplayer-file=\"https:\/\/rna.ao\/rna.ao\/wp-content\/uploads\/2026\/03\/LUNDA-SUL-UNITA-20-HRS.mp3\"\n\t\t\t\t\t\tdata-qtmplayer-title=\"UNITA termina jornadas Parlamentares na Regi\u00e3o de Muangai\"\n\t\t\t\t\t\tdata-qtmplayer-artist=\"Ant\u00f3nio Augusto\"\n\t\t\t\t\t\tdata-qtmplayer-link=\"https:\/\/rna.ao\/rna.ao\/2026\/03\/14\/unita-termina-jornadas-parlamentares-na-regiao-de-muangai\/\"\n\t\t\t\t\t\tdata-qtmplayer-icon=\"file_download\"\n\t\t\t\t\t\tdata-qtmplayer-type=\"track\"\n\t\t\t class=\"qtmplayer-play qtmplayer-link-sec qtmplayer-play-btn\"><i class='material-icons'>play_arrow<\/i><\/span>\n\t\t<p>\n\t\t\t<span class=\"qtmplayer-tit\">UNITA termina jornadas Parlamentares na Regi\u00e3o de Muangai<\/span>\n\t\t\t<span class=\"qtmplayer-art\">Ant\u00f3nio Augusto<\/span>\n\t\t<\/p>\n\t<\/li>\n\t\t<\/ul>\n\t<\/div>\t\t\t\n\t\n","protected":false},"excerpt":{"rendered":"<p>O Presidente da UNITA, Adalberto Costa J\u00fanior, sublinhou o est\u00e1gio de circula\u00e7\u00e3o de pessoas e bens que se assiste no pa\u00eds. Adalberto Costa J\u00fanior, fez essa descri\u00e7\u00e3o em Saurimo, onde passou a caminho da localidade de Munguai no Moxico, que acolheu o acto central dos 60 anos da cria\u00e7\u00e3o da ...<\/p>\n","protected":false},"author":23,"featured_media":210516,"comment_status":"closed","ping_status":"closed","sticky":false,"template":"","format":"standard","meta":[],"categories":[142,121,164,163],"tags":[],"_links":{"self":[{"href":"https:\/\/rna.ao\/rna.ao\/wp-json\/wp\/v2\/posts\/210514"}],"collection":[{"href":"https:\/\/rna.ao\/rna.ao\/wp-json\/wp\/v2\/posts"}],"about":[{"href":"https:\/\/rna.ao\/rna.ao\/wp-json\/wp\/v2\/types\/post"}],"author":[{"embeddable":true,"href":"https:\/\/rna.ao\/rna.ao\/wp-json\/wp\/v2\/users\/23"}],"replies":[{"embeddable":true,"href":"https:\/\/rna.ao\/rna.ao\/wp-json\/wp\/v2\/comments?post=210514"}],"version-history":[{"count":1,"href":"https:\/\/rna.ao\/rna.ao\/wp-json\/wp\/v2\/posts\/210514\/revisions"}],"predecessor-version":[{"id":210518,"href":"https:\/\/rna.ao\/rna.ao\/wp-json\/wp\/v2\/posts\/210514\/revisions\/210518"}],"wp:featuredmedia":[{"embeddable":true,"href":"https:\/\/rna.ao\/rna.ao\/wp-json\/wp\/v2\/media\/210516"}],"wp:attachment":[{"href":"https:\/\/rna.ao\/rna.ao\/wp-json\/wp\/v2\/media?parent=210514"}],"wp:term":[{"taxonomy":"category","embeddable":true,"href":"https:\/\/rna.ao\/rna.ao\/wp-json\/wp\/v2\/categories?post=210514"},{"taxonomy":"post_tag","embeddable":true,"href":"https:\/\/rna.ao\/rna.ao\/wp-json\/wp\/v2\/tags?post=210514"}],"curies":[{"name":"wp","href":"https:\/\/api.w.org\/{rel}","templated":true}]}}