{"id":210510,"date":"2026-03-14T08:59:08","date_gmt":"2026-03-14T07:59:08","guid":{"rendered":"https:\/\/rna.ao\/rna.ao\/?p=210510"},"modified":"2026-03-14T08:59:08","modified_gmt":"2026-03-14T07:59:08","slug":"depois-do-ultimo-episodio-finalmente-os-irmaos-reconciliaram-se","status":"publish","type":"post","link":"https:\/\/rna.ao\/rna.ao\/2026\/03\/14\/depois-do-ultimo-episodio-finalmente-os-irmaos-reconciliaram-se\/","title":{"rendered":"Depois do \u00faltimo epis\u00f3dio, finalmente os irm\u00e3os reconciliaram-se"},"content":{"rendered":"<p><img loading=\"lazy\" class=\"size-full wp-image-210512 alignleft\" src=\"https:\/\/rna.ao\/rna.ao\/wp-content\/uploads\/2026\/03\/Presidente-Nimi-A-Nsimbi-e-o-Historico-Ngola-Kabangu.jpg\" alt=\"\" width=\"312\" height=\"209\" \/><\/p>\n<p>O Comit\u00e9 Central da FNLA reuniu-se em sess\u00e3o ordin\u00e1ria para discutir assuntos internos do &#8216;partido dos irm\u00e3os&#8217;. Tratou-se da 5.\u00aa edi\u00e7\u00e3o do encontro, que contou com as presen\u00e7as do presidente Nimi-a-Nsimbi e do hist\u00f3rico dirigente Ngola Kabangu. A presen\u00e7a de ambos no mesmo espa\u00e7o de debate sobre a vida interna da FNLA \u00e9 considerada pela secret\u00e1ria para a Informa\u00e7\u00e3o, Maria Bulenvo, como um sinal de &#8216;bons ventos&#8217; e de unidade interna. Clique no \u00e1udio abaixo para obter mais informa\u00e7\u00e3o com o jornalista Ricardino Neves da Gl\u00f3ria:<\/p>\n\t<div class=\"qtmplayer-playlist-large\">\n\t\t<ul class=\"qtmplayer-playlist\">\n\t\t\t\n\t\t\t\t\t<li class=\"qtmplayer-trackitem\">\n\t\t<img src=\"https:\/\/rna.ao\/rna.ao\/wp-content\/uploads\/2026\/03\/Presidente-Nimi-A-Nsimbi-e-o-Historico-Ngola-Kabangu-100x100.jpg\" alt=\"cover\">\t\t<span \t\t\tdata-qtmplayer-cover=\"https:\/\/rna.ao\/rna.ao\/wp-content\/uploads\/2026\/03\/Presidente-Nimi-A-Nsimbi-e-o-Historico-Ngola-Kabangu.jpg\"\n\t\t\t\t\t\tdata-qtmplayer-file=\"https:\/\/rna.ao\/rna.ao\/wp-content\/uploads\/2026\/03\/RICARDINO-DA-GLORIA-20-HRS-BOOOMMM.mp3\"\n\t\t\t\t\t\tdata-qtmplayer-title=\"Depois do \u00faltimo epis\u00f3dio, finalmente os irm\u00e3os reconciliaram-se\"\n\t\t\t\t\t\tdata-qtmplayer-artist=\"Ant\u00f3nio Augusto\"\n\t\t\t\t\t\tdata-qtmplayer-link=\"https:\/\/rna.ao\/rna.ao\/2026\/03\/14\/depois-do-ultimo-episodio-finalmente-os-irmaos-reconciliaram-se\/\"\n\t\t\t\t\t\tdata-qtmplayer-icon=\"file_download\"\n\t\t\t\t\t\tdata-qtmplayer-type=\"track\"\n\t\t\t class=\"qtmplayer-play qtmplayer-link-sec qtmplayer-play-btn\"><i class='material-icons'>play_arrow<\/i><\/span>\n\t\t<p>\n\t\t\t<span class=\"qtmplayer-tit\">Depois do \u00faltimo epis\u00f3dio, finalmente os irm\u00e3os reconciliaram-se<\/span>\n\t\t\t<span class=\"qtmplayer-art\">Ant\u00f3nio Augusto<\/span>\n\t\t<\/p>\n\t<\/li>\n\t\t<\/ul>\n\t<\/div>\t\t\t\n\t\n","protected":false},"excerpt":{"rendered":"<p>O Comit\u00e9 Central da FNLA reuniu-se em sess\u00e3o ordin\u00e1ria para discutir assuntos internos do &#8216;partido dos irm\u00e3os&#8217;. Tratou-se da 5.\u00aa edi\u00e7\u00e3o do encontro, que contou com as presen\u00e7as do presidente Nimi-a-Nsimbi e do hist\u00f3rico dirigente Ngola Kabangu. A presen\u00e7a de ambos no mesmo espa\u00e7o de debate sobre a vida interna ...<\/p>\n","protected":false},"author":23,"featured_media":210512,"comment_status":"closed","ping_status":"closed","sticky":false,"template":"","format":"standard","meta":[],"categories":[142,121,164,163],"tags":[],"_links":{"self":[{"href":"https:\/\/rna.ao\/rna.ao\/wp-json\/wp\/v2\/posts\/210510"}],"collection":[{"href":"https:\/\/rna.ao\/rna.ao\/wp-json\/wp\/v2\/posts"}],"about":[{"href":"https:\/\/rna.ao\/rna.ao\/wp-json\/wp\/v2\/types\/post"}],"author":[{"embeddable":true,"href":"https:\/\/rna.ao\/rna.ao\/wp-json\/wp\/v2\/users\/23"}],"replies":[{"embeddable":true,"href":"https:\/\/rna.ao\/rna.ao\/wp-json\/wp\/v2\/comments?post=210510"}],"version-history":[{"count":1,"href":"https:\/\/rna.ao\/rna.ao\/wp-json\/wp\/v2\/posts\/210510\/revisions"}],"predecessor-version":[{"id":210513,"href":"https:\/\/rna.ao\/rna.ao\/wp-json\/wp\/v2\/posts\/210510\/revisions\/210513"}],"wp:featuredmedia":[{"embeddable":true,"href":"https:\/\/rna.ao\/rna.ao\/wp-json\/wp\/v2\/media\/210512"}],"wp:attachment":[{"href":"https:\/\/rna.ao\/rna.ao\/wp-json\/wp\/v2\/media?parent=210510"}],"wp:term":[{"taxonomy":"category","embeddable":true,"href":"https:\/\/rna.ao\/rna.ao\/wp-json\/wp\/v2\/categories?post=210510"},{"taxonomy":"post_tag","embeddable":true,"href":"https:\/\/rna.ao\/rna.ao\/wp-json\/wp\/v2\/tags?post=210510"}],"curies":[{"name":"wp","href":"https:\/\/api.w.org\/{rel}","templated":true}]}}