{"id":210506,"date":"2026-03-14T08:50:13","date_gmt":"2026-03-14T07:50:13","guid":{"rendered":"https:\/\/rna.ao\/rna.ao\/?p=210506"},"modified":"2026-03-14T08:50:13","modified_gmt":"2026-03-14T07:50:13","slug":"julgamento-da-ex-ministra-das-pescas-victoria-de-barros-neto-tera-inicio-a-22-de-abril","status":"publish","type":"post","link":"https:\/\/rna.ao\/rna.ao\/2026\/03\/14\/julgamento-da-ex-ministra-das-pescas-victoria-de-barros-neto-tera-inicio-a-22-de-abril\/","title":{"rendered":"Julgamento da ex-Ministra das Pescas, Vict\u00f3ria de Barros Neto ter\u00e1 in\u00edcio a 22 de Abril"},"content":{"rendered":"<p><img loading=\"lazy\" class=\"wp-image-210507 alignleft\" src=\"https:\/\/rna.ao\/rna.ao\/wp-content\/uploads\/2026\/03\/Victoria-de-Barros-Neto-ex-Ministra-das-Pescas.jpg\" alt=\"\" width=\"443\" height=\"266\" \/>O Tribunal Supremo d\u00e1 conta em nota de imprensa que come\u00e7a a 22 de Abril deste ano, o julgamento da ex-Ministra das Pescas Vict\u00f3ria de Barros Neto.<\/p>\n<p>Na nota, o Tribunal Supremo avan\u00e7a que o julgamento come\u00e7a \u00e0s\u00a0 09 horas e 30 minutos, e ser\u00e1 o Processo n.\u00ba 51\/25. No processo, real\u00e7a a nota \u00e9 participante o Minist\u00e9rio P\u00fablico e os arguidos Vict\u00f3ria de Barros Neto, ex-Ministra das Pescas, Rafael Virg\u00edlio Pascoal, Yango Nsalamby e Jaime Domingos Alves Pinto.<\/p>\n<p>O documento avan\u00e7a que os arguidos s\u00e3o acusados pelo Minist\u00e9rio P\u00fablico da pr\u00e1tica do crime de peculato. O processo, de acordo com a nota de imprensa do Tribunal Supremo, tem como relator o Venerando Juiz Conselheiro Jo\u00e3o Fuantoni, coadjuvado pelos Venerandos Ju\u00edzes Conselheiros, Nazar\u00e9 Pascoal e In\u00edcio Paix\u00e3o.<\/p>\n<p>O Minist\u00e9rio P\u00fablico, segundo o documento do Tribunal Supremo, \u00e9 representado pelo Procurador, Lucas Ramos, j\u00e1 a defesa dos arguidos \u00e9 assegurada pela advogada Suzana Ingl\u00eas.<\/p>\n","protected":false},"excerpt":{"rendered":"<p>O Tribunal Supremo d\u00e1 conta em nota de imprensa que come\u00e7a a 22 de Abril deste ano, o julgamento da ex-Ministra das Pescas Vict\u00f3ria de Barros Neto. Na nota, o Tribunal Supremo avan\u00e7a que o julgamento come\u00e7a \u00e0s\u00a0 09 horas e 30 minutos, e ser\u00e1 o Processo n.\u00ba 51\/25. No ...<\/p>\n","protected":false},"author":23,"featured_media":210508,"comment_status":"closed","ping_status":"closed","sticky":false,"template":"","format":"standard","meta":[],"categories":[142,121,164,163],"tags":[],"_links":{"self":[{"href":"https:\/\/rna.ao\/rna.ao\/wp-json\/wp\/v2\/posts\/210506"}],"collection":[{"href":"https:\/\/rna.ao\/rna.ao\/wp-json\/wp\/v2\/posts"}],"about":[{"href":"https:\/\/rna.ao\/rna.ao\/wp-json\/wp\/v2\/types\/post"}],"author":[{"embeddable":true,"href":"https:\/\/rna.ao\/rna.ao\/wp-json\/wp\/v2\/users\/23"}],"replies":[{"embeddable":true,"href":"https:\/\/rna.ao\/rna.ao\/wp-json\/wp\/v2\/comments?post=210506"}],"version-history":[{"count":1,"href":"https:\/\/rna.ao\/rna.ao\/wp-json\/wp\/v2\/posts\/210506\/revisions"}],"predecessor-version":[{"id":210509,"href":"https:\/\/rna.ao\/rna.ao\/wp-json\/wp\/v2\/posts\/210506\/revisions\/210509"}],"wp:featuredmedia":[{"embeddable":true,"href":"https:\/\/rna.ao\/rna.ao\/wp-json\/wp\/v2\/media\/210508"}],"wp:attachment":[{"href":"https:\/\/rna.ao\/rna.ao\/wp-json\/wp\/v2\/media?parent=210506"}],"wp:term":[{"taxonomy":"category","embeddable":true,"href":"https:\/\/rna.ao\/rna.ao\/wp-json\/wp\/v2\/categories?post=210506"},{"taxonomy":"post_tag","embeddable":true,"href":"https:\/\/rna.ao\/rna.ao\/wp-json\/wp\/v2\/tags?post=210506"}],"curies":[{"name":"wp","href":"https:\/\/api.w.org\/{rel}","templated":true}]}}