{"id":210503,"date":"2026-03-14T08:41:25","date_gmt":"2026-03-14T07:41:25","guid":{"rendered":"https:\/\/rna.ao\/rna.ao\/?p=210503"},"modified":"2026-03-14T08:41:25","modified_gmt":"2026-03-14T07:41:25","slug":"mulheres-em-benguela-analisam-fenomeno-da-discriminacao-de-que-sao-alvo-na-sociedade","status":"publish","type":"post","link":"https:\/\/rna.ao\/rna.ao\/2026\/03\/14\/mulheres-em-benguela-analisam-fenomeno-da-discriminacao-de-que-sao-alvo-na-sociedade\/","title":{"rendered":"Mulheres em Benguela analisam fen\u00f3meno da discrimina\u00e7\u00e3o de que s\u00e3o alvo na sociedade"},"content":{"rendered":"<p><img loading=\"lazy\" class=\"wp-image-94543 alignleft\" src=\"https:\/\/rna.ao\/rna.ao\/wp-content\/uploads\/2023\/03\/mulheres_mesa_redonda_1204576710612a0adcf30a6.jpg\" alt=\"\" width=\"374\" height=\"214\" \/>As mulheres de v\u00e1rios segmentos sociais, na Prov\u00edncia de Benguela, juntaram-se para analisar a tend\u00eancia da discrimina\u00e7\u00e3o. As mulheres evocaram zero casos de discrimina\u00e7\u00e3o na fam\u00edlia, na igreja e nos locais de trabalho, s\u00f3 para citar como anda o fen\u00f3meno na Sociedade angolana. Clique no \u00e1udio abaixo e saiba mais com o jornalista Louren\u00e7o Kavanda:<\/p>\n\t<div class=\"qtmplayer-playlist-large\">\n\t\t<ul class=\"qtmplayer-playlist\">\n\t\t\t\n\t\t\t\t\t<li class=\"qtmplayer-trackitem\">\n\t\t<img src=\"https:\/\/rna.ao\/rna.ao\/wp-content\/uploads\/2023\/03\/mulheres_mesa_redonda_1204576710612a0adcf30a6-100x100.jpg\" alt=\"cover\">\t\t<span \t\t\tdata-qtmplayer-cover=\"https:\/\/rna.ao\/rna.ao\/wp-content\/uploads\/2023\/03\/mulheres_mesa_redonda_1204576710612a0adcf30a6.jpg\"\n\t\t\t\t\t\tdata-qtmplayer-file=\"https:\/\/rna.ao\/rna.ao\/wp-content\/uploads\/2026\/03\/BENGUELA-MULHERES-20-HRS.mp3\"\n\t\t\t\t\t\tdata-qtmplayer-title=\"Mulheres em Benguela analisam fen\u00f3meno da discrimina\u00e7\u00e3o de que s\u00e3o alvo na sociedade\"\n\t\t\t\t\t\tdata-qtmplayer-artist=\"Ant\u00f3nio Augusto\"\n\t\t\t\t\t\tdata-qtmplayer-link=\"https:\/\/rna.ao\/rna.ao\/2026\/03\/14\/mulheres-em-benguela-analisam-fenomeno-da-discriminacao-de-que-sao-alvo-na-sociedade\/\"\n\t\t\t\t\t\tdata-qtmplayer-icon=\"file_download\"\n\t\t\t\t\t\tdata-qtmplayer-type=\"track\"\n\t\t\t class=\"qtmplayer-play qtmplayer-link-sec qtmplayer-play-btn\"><i class='material-icons'>play_arrow<\/i><\/span>\n\t\t<p>\n\t\t\t<span class=\"qtmplayer-tit\">Mulheres em Benguela analisam fen\u00f3meno da discrimina\u00e7\u00e3o de que s\u00e3o alvo na sociedade<\/span>\n\t\t\t<span class=\"qtmplayer-art\">Ant\u00f3nio Augusto<\/span>\n\t\t<\/p>\n\t<\/li>\n\t\t<\/ul>\n\t<\/div>\t\t\t\n\t\n","protected":false},"excerpt":{"rendered":"<p>As mulheres de v\u00e1rios segmentos sociais, na Prov\u00edncia de Benguela, juntaram-se para analisar a tend\u00eancia da discrimina\u00e7\u00e3o. As mulheres evocaram zero casos de discrimina\u00e7\u00e3o na fam\u00edlia, na igreja e nos locais de trabalho, s\u00f3 para citar como anda o fen\u00f3meno na Sociedade angolana. Clique no \u00e1udio abaixo e saiba mais ...<\/p>\n","protected":false},"author":23,"featured_media":94543,"comment_status":"closed","ping_status":"closed","sticky":false,"template":"","format":"standard","meta":[],"categories":[142,121,164,163],"tags":[],"_links":{"self":[{"href":"https:\/\/rna.ao\/rna.ao\/wp-json\/wp\/v2\/posts\/210503"}],"collection":[{"href":"https:\/\/rna.ao\/rna.ao\/wp-json\/wp\/v2\/posts"}],"about":[{"href":"https:\/\/rna.ao\/rna.ao\/wp-json\/wp\/v2\/types\/post"}],"author":[{"embeddable":true,"href":"https:\/\/rna.ao\/rna.ao\/wp-json\/wp\/v2\/users\/23"}],"replies":[{"embeddable":true,"href":"https:\/\/rna.ao\/rna.ao\/wp-json\/wp\/v2\/comments?post=210503"}],"version-history":[{"count":1,"href":"https:\/\/rna.ao\/rna.ao\/wp-json\/wp\/v2\/posts\/210503\/revisions"}],"predecessor-version":[{"id":210505,"href":"https:\/\/rna.ao\/rna.ao\/wp-json\/wp\/v2\/posts\/210503\/revisions\/210505"}],"wp:featuredmedia":[{"embeddable":true,"href":"https:\/\/rna.ao\/rna.ao\/wp-json\/wp\/v2\/media\/94543"}],"wp:attachment":[{"href":"https:\/\/rna.ao\/rna.ao\/wp-json\/wp\/v2\/media?parent=210503"}],"wp:term":[{"taxonomy":"category","embeddable":true,"href":"https:\/\/rna.ao\/rna.ao\/wp-json\/wp\/v2\/categories?post=210503"},{"taxonomy":"post_tag","embeddable":true,"href":"https:\/\/rna.ao\/rna.ao\/wp-json\/wp\/v2\/tags?post=210503"}],"curies":[{"name":"wp","href":"https:\/\/api.w.org\/{rel}","templated":true}]}}