{"id":210500,"date":"2026-03-14T08:37:58","date_gmt":"2026-03-14T07:37:58","guid":{"rendered":"https:\/\/rna.ao\/rna.ao\/?p=210500"},"modified":"2026-03-14T08:37:58","modified_gmt":"2026-03-14T07:37:58","slug":"igrejas-angolanas-promovem-em-luanda-forum-sobre-inclusao-e-acessibilidade-no-contexto-religioso","status":"publish","type":"post","link":"https:\/\/rna.ao\/rna.ao\/2026\/03\/14\/igrejas-angolanas-promovem-em-luanda-forum-sobre-inclusao-e-acessibilidade-no-contexto-religioso\/","title":{"rendered":"Igrejas angolanas promovem em Luanda f\u00f3rum sobre inclus\u00e3o e acessibilidade no contexto religioso"},"content":{"rendered":"<p><img loading=\"lazy\" class=\"wp-image-176454 alignleft\" src=\"https:\/\/rna.ao\/rna.ao\/wp-content\/uploads\/2025\/04\/autoridades-tradicionais-e-de-igrejas.jpg\" alt=\"\" width=\"398\" height=\"274\" \/>As Igrejas em Angola, est\u00e3o cada vez mais comprometidas em promover um ambiente religioso inclusivo e acolhedor. Isto mesmo foi sublinhado por alguns l\u00edderes que participam no primeiro f\u00f3rum sobre inclus\u00e3o e acessibilidade no contexto religioso, que est\u00e1 a ser realizado em Luanda. Ou\u00e7a o desenvolvimento desta mat\u00e9ria na voz do jornalista Dito Tavares clicando no \u00e1udio abaixo:<\/p>\n\t<div class=\"qtmplayer-playlist-large\">\n\t\t<ul class=\"qtmplayer-playlist\">\n\t\t\t\n\t\t\t\t\t<li class=\"qtmplayer-trackitem\">\n\t\t<img src=\"https:\/\/rna.ao\/rna.ao\/wp-content\/uploads\/2025\/04\/autoridades-tradicionais-e-de-igrejas-100x100.jpg\" alt=\"cover\">\t\t<span \t\t\tdata-qtmplayer-cover=\"https:\/\/rna.ao\/rna.ao\/wp-content\/uploads\/2025\/04\/autoridades-tradicionais-e-de-igrejas-370x370.jpg\"\n\t\t\t\t\t\tdata-qtmplayer-file=\"https:\/\/rna.ao\/rna.ao\/wp-content\/uploads\/2026\/03\/DITO-TAVARES-20-HRS.mp3\"\n\t\t\t\t\t\tdata-qtmplayer-title=\"Igrejas angolanas promovem em Luanda f\u00f3rum sobre inclus\u00e3o e acessibilidade no contexto religioso\"\n\t\t\t\t\t\tdata-qtmplayer-artist=\"Ant\u00f3nio Augusto\"\n\t\t\t\t\t\tdata-qtmplayer-link=\"https:\/\/rna.ao\/rna.ao\/2026\/03\/14\/igrejas-angolanas-promovem-em-luanda-forum-sobre-inclusao-e-acessibilidade-no-contexto-religioso\/\"\n\t\t\t\t\t\tdata-qtmplayer-icon=\"file_download\"\n\t\t\t\t\t\tdata-qtmplayer-type=\"track\"\n\t\t\t class=\"qtmplayer-play qtmplayer-link-sec qtmplayer-play-btn\"><i class='material-icons'>play_arrow<\/i><\/span>\n\t\t<p>\n\t\t\t<span class=\"qtmplayer-tit\">Igrejas angolanas promovem em Luanda f\u00f3rum sobre inclus\u00e3o e acessibilidade no contexto religioso<\/span>\n\t\t\t<span class=\"qtmplayer-art\">Ant\u00f3nio Augusto<\/span>\n\t\t<\/p>\n\t<\/li>\n\t\t<\/ul>\n\t<\/div>\t\t\t\n\t\n","protected":false},"excerpt":{"rendered":"<p>As Igrejas em Angola, est\u00e3o cada vez mais comprometidas em promover um ambiente religioso inclusivo e acolhedor. Isto mesmo foi sublinhado por alguns l\u00edderes que participam no primeiro f\u00f3rum sobre inclus\u00e3o e acessibilidade no contexto religioso, que est\u00e1 a ser realizado em Luanda. Ou\u00e7a o desenvolvimento desta mat\u00e9ria na voz ...<\/p>\n","protected":false},"author":23,"featured_media":176454,"comment_status":"closed","ping_status":"closed","sticky":false,"template":"","format":"standard","meta":[],"categories":[142,121,164,163],"tags":[],"_links":{"self":[{"href":"https:\/\/rna.ao\/rna.ao\/wp-json\/wp\/v2\/posts\/210500"}],"collection":[{"href":"https:\/\/rna.ao\/rna.ao\/wp-json\/wp\/v2\/posts"}],"about":[{"href":"https:\/\/rna.ao\/rna.ao\/wp-json\/wp\/v2\/types\/post"}],"author":[{"embeddable":true,"href":"https:\/\/rna.ao\/rna.ao\/wp-json\/wp\/v2\/users\/23"}],"replies":[{"embeddable":true,"href":"https:\/\/rna.ao\/rna.ao\/wp-json\/wp\/v2\/comments?post=210500"}],"version-history":[{"count":1,"href":"https:\/\/rna.ao\/rna.ao\/wp-json\/wp\/v2\/posts\/210500\/revisions"}],"predecessor-version":[{"id":210502,"href":"https:\/\/rna.ao\/rna.ao\/wp-json\/wp\/v2\/posts\/210500\/revisions\/210502"}],"wp:featuredmedia":[{"embeddable":true,"href":"https:\/\/rna.ao\/rna.ao\/wp-json\/wp\/v2\/media\/176454"}],"wp:attachment":[{"href":"https:\/\/rna.ao\/rna.ao\/wp-json\/wp\/v2\/media?parent=210500"}],"wp:term":[{"taxonomy":"category","embeddable":true,"href":"https:\/\/rna.ao\/rna.ao\/wp-json\/wp\/v2\/categories?post=210500"},{"taxonomy":"post_tag","embeddable":true,"href":"https:\/\/rna.ao\/rna.ao\/wp-json\/wp\/v2\/tags?post=210500"}],"curies":[{"name":"wp","href":"https:\/\/api.w.org\/{rel}","templated":true}]}}