{"id":210492,"date":"2026-03-14T08:31:53","date_gmt":"2026-03-14T07:31:53","guid":{"rendered":"https:\/\/rna.ao\/rna.ao\/?p=210492"},"modified":"2026-03-14T08:34:34","modified_gmt":"2026-03-14T07:34:34","slug":"lideres-religiosos-e-comunitarios-sinalizam-engajamento-pessoal-e-vontade-politica-do-presidente-joao-lourenco-na-preparacao-da-visita-do-papa-leao-xiv-a-angola","status":"publish","type":"post","link":"https:\/\/rna.ao\/rna.ao\/2026\/03\/14\/lideres-religiosos-e-comunitarios-sinalizam-engajamento-pessoal-e-vontade-politica-do-presidente-joao-lourenco-na-preparacao-da-visita-do-papa-leao-xiv-a-angola\/","title":{"rendered":"L\u00edderes religiosos e comunit\u00e1rios sinalizam engajamento pessoal e vontade pol\u00edtica do Presidente Jo\u00e3o Louren\u00e7o na prepara\u00e7\u00e3o da visita do Papa Le\u00e3o XIV \u00e0 angola"},"content":{"rendered":"<p><img loading=\"lazy\" class=\"wp-image-210478 alignleft\" src=\"https:\/\/rna.ao\/rna.ao\/wp-content\/uploads\/2026\/03\/IMG_0514-770x513.jpeg\" alt=\"\" width=\"326\" height=\"217\" srcset=\"https:\/\/rna.ao\/rna.ao\/wp-content\/uploads\/2026\/03\/IMG_0514-770x513.jpeg 770w, https:\/\/rna.ao\/rna.ao\/wp-content\/uploads\/2026\/03\/IMG_0514-768x511.jpeg 768w, https:\/\/rna.ao\/rna.ao\/wp-content\/uploads\/2026\/03\/IMG_0514.jpeg 1080w\" sizes=\"(max-width: 326px) 100vw, 326px\" \/>A Comiss\u00e3o Multissectorial que prepara a visita de 5 dias doPapa Le\u00e3o XIV\u00a0 \u00e0 Angola, esteve ontem, sexta-feira(13), reunida para avaliar as condi\u00e7\u00f5es e o plano de estadia do Santo Padre. O encontro orientado pelo Presidente da Rep\u00fablica, Jo\u00e3o Louren\u00e7o, aconteceu numa altura em que resta pouco mais de um m\u00eas para a visita do sucessor de S\u00e3o Pedro. Tratou-se da segunda reuni\u00e3o orientada pelo Presidente Jo\u00e3o Louren\u00e7o no espa\u00e7o de duas semanas, em que foi passada informa\u00e7\u00e3o precisa sobre os diferentes n\u00edveis de desempenho das v\u00e1rias equipas envolvidas na visita do Bispo de Roma \u00e0 Angola. Clique no \u00e1udio abaixo para obter mais informa\u00e7\u00e3o com o jornalista Rom\u00e3o Ferreira:<\/p>\n\t<div class=\"qtmplayer-playlist-large\">\n\t\t<ul class=\"qtmplayer-playlist\">\n\t\t\t\n\t\t\t\t\t<li class=\"qtmplayer-trackitem\">\n\t\t<img src=\"https:\/\/rna.ao\/rna.ao\/wp-content\/uploads\/2026\/02\/Papa-Leao-Catorze-100x100.jpg\" alt=\"cover\">\t\t<span \t\t\tdata-qtmplayer-cover=\"https:\/\/rna.ao\/rna.ao\/wp-content\/uploads\/2026\/02\/Papa-Leao-Catorze.jpg\"\n\t\t\t\t\t\tdata-qtmplayer-file=\"https:\/\/rna.ao\/rna.ao\/wp-content\/uploads\/2026\/03\/ROMAO-FERREIRA-20HRS.mp3\"\n\t\t\t\t\t\tdata-qtmplayer-title=\"L\u00edderes religiosos e comunit\u00e1rios sinalizam engajamento pessoal e vontade pol\u00edtica do Presidente Jo\u00e3o Louren\u00e7o na prepara\u00e7\u00e3o da visita do Papa Le\u00e3o XIV \u00e0 angola\"\n\t\t\t\t\t\tdata-qtmplayer-artist=\"Ant\u00f3nio Augusto\"\n\t\t\t\t\t\tdata-qtmplayer-link=\"https:\/\/rna.ao\/rna.ao\/2026\/03\/14\/lideres-religiosos-e-comunitarios-sinalizam-engajamento-pessoal-e-vontade-politica-do-presidente-joao-lourenco-na-preparacao-da-visita-do-papa-leao-xiv-a-angola\/\"\n\t\t\t\t\t\tdata-qtmplayer-icon=\"file_download\"\n\t\t\t\t\t\tdata-qtmplayer-type=\"track\"\n\t\t\t class=\"qtmplayer-play qtmplayer-link-sec qtmplayer-play-btn\"><i class='material-icons'>play_arrow<\/i><\/span>\n\t\t<p>\n\t\t\t<span class=\"qtmplayer-tit\">L\u00edderes religiosos e comunit\u00e1rios sinalizam engajamento pessoal e vontade pol\u00edtica do Presidente Jo\u00e3o Louren\u00e7o na prepara\u00e7\u00e3o da visita do Papa Le\u00e3o XIV \u00e0 angola<\/span>\n\t\t\t<span class=\"qtmplayer-art\">Ant\u00f3nio Augusto<\/span>\n\t\t<\/p>\n\t<\/li>\n\t\t<\/ul>\n\t<\/div>\t\t\t\n\t\n<p>Este ambiente, \u00e9 para o Padre Correia Hil\u00e1rio, P\u00e1roco da Paroquia Sagrado Cora\u00e7\u00e3o de Jesus Madame Berma em Luanda, reitera\u00e7\u00e3o do engajamento e interesse do Presidente Jo\u00e3o Louren\u00e7o, em conferir qualidade e excel\u00eancia \u00e0 visita do Chefe de Estado e de Governo do Vaticano.\u00a0Clique no \u00e1udio abaixo e ou\u00e7a:<\/p>\n\t<div class=\"qtmplayer-playlist-large\">\n\t\t<ul class=\"qtmplayer-playlist\">\n\t\t\t\n\t\t\t\t\t<li class=\"qtmplayer-trackitem\">\n\t\t<img src=\"https:\/\/rna.ao\/rna.ao\/wp-content\/uploads\/2026\/02\/Papa-Leao-Catorze-100x100.jpg\" alt=\"cover\">\t\t<span \t\t\tdata-qtmplayer-cover=\"https:\/\/rna.ao\/rna.ao\/wp-content\/uploads\/2026\/02\/Papa-Leao-Catorze.jpg\"\n\t\t\t\t\t\tdata-qtmplayer-file=\"https:\/\/rna.ao\/rna.ao\/wp-content\/uploads\/2026\/03\/CORREIA-HILARIO-20-HRS-BOOMMMM.mp3\"\n\t\t\t\t\t\tdata-qtmplayer-title=\"L\u00edderes religiosos e comunit\u00e1rios sinalizam engajamento pessoal e vontade pol\u00edtica do Presidente Jo\u00e3o Louren\u00e7o na prepara\u00e7\u00e3o da visita do Papa Le\u00e3o XIV \u00e0 angola\"\n\t\t\t\t\t\tdata-qtmplayer-artist=\"Ant\u00f3nio Augusto\"\n\t\t\t\t\t\tdata-qtmplayer-link=\"https:\/\/rna.ao\/rna.ao\/2026\/03\/14\/lideres-religiosos-e-comunitarios-sinalizam-engajamento-pessoal-e-vontade-politica-do-presidente-joao-lourenco-na-preparacao-da-visita-do-papa-leao-xiv-a-angola\/\"\n\t\t\t\t\t\tdata-qtmplayer-icon=\"file_download\"\n\t\t\t\t\t\tdata-qtmplayer-type=\"track\"\n\t\t\t class=\"qtmplayer-play qtmplayer-link-sec qtmplayer-play-btn\"><i class='material-icons'>play_arrow<\/i><\/span>\n\t\t<p>\n\t\t\t<span class=\"qtmplayer-tit\">L\u00edderes religiosos e comunit\u00e1rios sinalizam engajamento pessoal e vontade pol\u00edtica do Presidente Jo\u00e3o Louren\u00e7o na prepara\u00e7\u00e3o da visita do Papa Le\u00e3o XIV \u00e0 angola<\/span>\n\t\t\t<span class=\"qtmplayer-art\">Ant\u00f3nio Augusto<\/span>\n\t\t<\/p>\n\t<\/li>\n\t\t<\/ul>\n\t<\/div>\t\t\t\n\t\n<p>J\u00e1 o porta-voz da Diocesse de Viana, Padre Queir\u00f3s Figueira, sublinha que as reuni\u00f5es de avalia\u00e7\u00e3o do est\u00e1gio de prepara\u00e7\u00e3o da visita do Papa uma demonstra\u00e7\u00e3o da vontade pol\u00edtica do Presidente Jo\u00e3o Louren\u00e7o em dar a devida valoriza\u00e7\u00e3o e dimens\u00e3o ao l\u00edder mundial da Igreja Cat\u00f3lica. Clique no \u00e1udio abaixo e ou\u00e7a:<\/p>\n\t<div class=\"qtmplayer-playlist-large\">\n\t\t<ul class=\"qtmplayer-playlist\">\n\t\t\t\n\t\t\t\t\t<li class=\"qtmplayer-trackitem\">\n\t\t<img src=\"https:\/\/rna.ao\/rna.ao\/wp-content\/uploads\/2026\/02\/Papa-Leao-Catorze-100x100.jpg\" alt=\"cover\">\t\t<span \t\t\tdata-qtmplayer-cover=\"https:\/\/rna.ao\/rna.ao\/wp-content\/uploads\/2026\/02\/Papa-Leao-Catorze.jpg\"\n\t\t\t\t\t\tdata-qtmplayer-file=\"https:\/\/rna.ao\/rna.ao\/wp-content\/uploads\/2026\/03\/QUEIROS-FIGUEIRA-20-HRS.mp3\"\n\t\t\t\t\t\tdata-qtmplayer-title=\"L\u00edderes religiosos e comunit\u00e1rios sinalizam engajamento pessoal e vontade pol\u00edtica do Presidente Jo\u00e3o Louren\u00e7o na prepara\u00e7\u00e3o da visita do Papa Le\u00e3o XIV \u00e0 angola\"\n\t\t\t\t\t\tdata-qtmplayer-artist=\"Ant\u00f3nio Augusto\"\n\t\t\t\t\t\tdata-qtmplayer-link=\"https:\/\/rna.ao\/rna.ao\/2026\/03\/14\/lideres-religiosos-e-comunitarios-sinalizam-engajamento-pessoal-e-vontade-politica-do-presidente-joao-lourenco-na-preparacao-da-visita-do-papa-leao-xiv-a-angola\/\"\n\t\t\t\t\t\tdata-qtmplayer-icon=\"file_download\"\n\t\t\t\t\t\tdata-qtmplayer-type=\"track\"\n\t\t\t class=\"qtmplayer-play qtmplayer-link-sec qtmplayer-play-btn\"><i class='material-icons'>play_arrow<\/i><\/span>\n\t\t<p>\n\t\t\t<span class=\"qtmplayer-tit\">L\u00edderes religiosos e comunit\u00e1rios sinalizam engajamento pessoal e vontade pol\u00edtica do Presidente Jo\u00e3o Louren\u00e7o na prepara\u00e7\u00e3o da visita do Papa Le\u00e3o XIV \u00e0 angola<\/span>\n\t\t\t<span class=\"qtmplayer-art\">Ant\u00f3nio Augusto<\/span>\n\t\t<\/p>\n\t<\/li>\n\t\t<\/ul>\n\t<\/div>\t\t\t\n\t\n<p>Para o Especialista em Assuntos Cat\u00f3licos e do Vaticano, Carlos Veiga, os encontros para a avalia\u00e7\u00e3o pontual da prepara\u00e7\u00e3o da visita do Papa Le\u00e3o XIV, consolidam a confirma\u00e7\u00e3o da presen\u00e7a do Sumo Pont\u00edfice em solo angolano em Abril que vem. Clique no \u00e1udio abaixo e ou\u00e7a:<\/p>\n\t<div class=\"qtmplayer-playlist-large\">\n\t\t<ul class=\"qtmplayer-playlist\">\n\t\t\t\n\t\t\t\t\t<li class=\"qtmplayer-trackitem\">\n\t\t<img src=\"https:\/\/rna.ao\/rna.ao\/wp-content\/uploads\/2026\/02\/Papa-Leao-Catorze-100x100.jpg\" alt=\"cover\">\t\t<span \t\t\tdata-qtmplayer-cover=\"https:\/\/rna.ao\/rna.ao\/wp-content\/uploads\/2026\/02\/Papa-Leao-Catorze.jpg\"\n\t\t\t\t\t\tdata-qtmplayer-file=\"https:\/\/rna.ao\/rna.ao\/wp-content\/uploads\/2026\/03\/CARLOS-VEIGA-20-HRS-BOOOMMMM.mp3\"\n\t\t\t\t\t\tdata-qtmplayer-title=\"L\u00edderes religiosos e comunit\u00e1rios sinalizam engajamento pessoal e vontade pol\u00edtica do Presidente Jo\u00e3o Louren\u00e7o na prepara\u00e7\u00e3o da visita do Papa Le\u00e3o XIV \u00e0 angola\"\n\t\t\t\t\t\tdata-qtmplayer-artist=\"Ant\u00f3nio Augusto\"\n\t\t\t\t\t\tdata-qtmplayer-link=\"https:\/\/rna.ao\/rna.ao\/2026\/03\/14\/lideres-religiosos-e-comunitarios-sinalizam-engajamento-pessoal-e-vontade-politica-do-presidente-joao-lourenco-na-preparacao-da-visita-do-papa-leao-xiv-a-angola\/\"\n\t\t\t\t\t\tdata-qtmplayer-icon=\"file_download\"\n\t\t\t\t\t\tdata-qtmplayer-type=\"track\"\n\t\t\t class=\"qtmplayer-play qtmplayer-link-sec qtmplayer-play-btn\"><i class='material-icons'>play_arrow<\/i><\/span>\n\t\t<p>\n\t\t\t<span class=\"qtmplayer-tit\">L\u00edderes religiosos e comunit\u00e1rios sinalizam engajamento pessoal e vontade pol\u00edtica do Presidente Jo\u00e3o Louren\u00e7o na prepara\u00e7\u00e3o da visita do Papa Le\u00e3o XIV \u00e0 angola<\/span>\n\t\t\t<span class=\"qtmplayer-art\">Ant\u00f3nio Augusto<\/span>\n\t\t<\/p>\n\t<\/li>\n\t\t<\/ul>\n\t<\/div>\t\t\t\n\t\n","protected":false},"excerpt":{"rendered":"<p>A Comiss\u00e3o Multissectorial que prepara a visita de 5 dias doPapa Le\u00e3o XIV\u00a0 \u00e0 Angola, esteve ontem, sexta-feira(13), reunida para avaliar as condi\u00e7\u00f5es e o plano de estadia do Santo Padre. O encontro orientado pelo Presidente da Rep\u00fablica, Jo\u00e3o Louren\u00e7o, aconteceu numa altura em que resta pouco mais de um ...<\/p>\n","protected":false},"author":23,"featured_media":208921,"comment_status":"closed","ping_status":"closed","sticky":false,"template":"","format":"standard","meta":[],"categories":[142,121,164,163],"tags":[],"_links":{"self":[{"href":"https:\/\/rna.ao\/rna.ao\/wp-json\/wp\/v2\/posts\/210492"}],"collection":[{"href":"https:\/\/rna.ao\/rna.ao\/wp-json\/wp\/v2\/posts"}],"about":[{"href":"https:\/\/rna.ao\/rna.ao\/wp-json\/wp\/v2\/types\/post"}],"author":[{"embeddable":true,"href":"https:\/\/rna.ao\/rna.ao\/wp-json\/wp\/v2\/users\/23"}],"replies":[{"embeddable":true,"href":"https:\/\/rna.ao\/rna.ao\/wp-json\/wp\/v2\/comments?post=210492"}],"version-history":[{"count":3,"href":"https:\/\/rna.ao\/rna.ao\/wp-json\/wp\/v2\/posts\/210492\/revisions"}],"predecessor-version":[{"id":210499,"href":"https:\/\/rna.ao\/rna.ao\/wp-json\/wp\/v2\/posts\/210492\/revisions\/210499"}],"wp:featuredmedia":[{"embeddable":true,"href":"https:\/\/rna.ao\/rna.ao\/wp-json\/wp\/v2\/media\/208921"}],"wp:attachment":[{"href":"https:\/\/rna.ao\/rna.ao\/wp-json\/wp\/v2\/media?parent=210492"}],"wp:term":[{"taxonomy":"category","embeddable":true,"href":"https:\/\/rna.ao\/rna.ao\/wp-json\/wp\/v2\/categories?post=210492"},{"taxonomy":"post_tag","embeddable":true,"href":"https:\/\/rna.ao\/rna.ao\/wp-json\/wp\/v2\/tags?post=210492"}],"curies":[{"name":"wp","href":"https:\/\/api.w.org\/{rel}","templated":true}]}}