{"id":210477,"date":"2026-03-13T15:43:34","date_gmt":"2026-03-13T14:43:34","guid":{"rendered":"https:\/\/rna.ao\/rna.ao\/?p=210477"},"modified":"2026-03-13T15:43:34","modified_gmt":"2026-03-13T14:43:34","slug":"presidente-joao-lourenco-avalia-preparativos-para-visita-do-papa-leao-xiv-a-angola","status":"publish","type":"post","link":"https:\/\/rna.ao\/rna.ao\/2026\/03\/13\/presidente-joao-lourenco-avalia-preparativos-para-visita-do-papa-leao-xiv-a-angola\/","title":{"rendered":"Presidente Jo\u00e3o Louren\u00e7o avalia preparativos para visita do Papa Le\u00e3o XIV a Angola"},"content":{"rendered":"<p><img loading=\"lazy\" class=\"alignnone size-medium wp-image-210478\" src=\"https:\/\/rna.ao\/rna.ao\/wp-content\/uploads\/2026\/03\/IMG_0514-770x513.jpeg\" alt=\"\" width=\"770\" height=\"513\" srcset=\"https:\/\/rna.ao\/rna.ao\/wp-content\/uploads\/2026\/03\/IMG_0514-770x513.jpeg 770w, https:\/\/rna.ao\/rna.ao\/wp-content\/uploads\/2026\/03\/IMG_0514-768x511.jpeg 768w, https:\/\/rna.ao\/rna.ao\/wp-content\/uploads\/2026\/03\/IMG_0514.jpeg 1080w\" sizes=\"(max-width: 770px) 100vw, 770px\" \/><\/p>\n<p>O Presidente da Rep\u00fablica, Jo\u00e3o Louren\u00e7o, reuniu-se esta sexta-feira com a comiss\u00e3o multissectorial respons\u00e1vel pela prepara\u00e7\u00e3o da visita do Papa Le\u00e3o XIV a Angola, prevista para o pr\u00f3ximo m\u00eas de Abril.<\/p>\n<p>O encontro, o segundo realizado no espa\u00e7o de duas semanas, teve como objectivo avaliar o estado de prepara\u00e7\u00e3o da visita papal e acompanhar o andamento dos trabalhos desenvolvidos pelas diferentes equipas envolvidas na organiza\u00e7\u00e3o do evento.<\/p>\n<p>Durante a reuni\u00e3o, o Chefe de Estado recebeu uma informa\u00e7\u00e3o detalhada sobre o funcionamento da m\u00e1quina organizativa, com destaque para o n\u00edvel de execu\u00e7\u00e3o das tarefas atribu\u00eddas \u00e0s v\u00e1rias estruturas que integram a comiss\u00e3o multissectorial.<\/p>\n","protected":false},"excerpt":{"rendered":"<p>O Presidente da Rep\u00fablica, Jo\u00e3o Louren\u00e7o, reuniu-se esta sexta-feira com a comiss\u00e3o multissectorial respons\u00e1vel pela prepara\u00e7\u00e3o da visita do Papa Le\u00e3o XIV a Angola, prevista para o pr\u00f3ximo m\u00eas de Abril. O encontro, o segundo realizado no espa\u00e7o de duas semanas, teve como objectivo avaliar o estado de prepara\u00e7\u00e3o da ...<\/p>\n","protected":false},"author":9,"featured_media":210479,"comment_status":"closed","ping_status":"closed","sticky":false,"template":"","format":"standard","meta":[],"categories":[142,121,163],"tags":[],"_links":{"self":[{"href":"https:\/\/rna.ao\/rna.ao\/wp-json\/wp\/v2\/posts\/210477"}],"collection":[{"href":"https:\/\/rna.ao\/rna.ao\/wp-json\/wp\/v2\/posts"}],"about":[{"href":"https:\/\/rna.ao\/rna.ao\/wp-json\/wp\/v2\/types\/post"}],"author":[{"embeddable":true,"href":"https:\/\/rna.ao\/rna.ao\/wp-json\/wp\/v2\/users\/9"}],"replies":[{"embeddable":true,"href":"https:\/\/rna.ao\/rna.ao\/wp-json\/wp\/v2\/comments?post=210477"}],"version-history":[{"count":1,"href":"https:\/\/rna.ao\/rna.ao\/wp-json\/wp\/v2\/posts\/210477\/revisions"}],"predecessor-version":[{"id":210480,"href":"https:\/\/rna.ao\/rna.ao\/wp-json\/wp\/v2\/posts\/210477\/revisions\/210480"}],"wp:featuredmedia":[{"embeddable":true,"href":"https:\/\/rna.ao\/rna.ao\/wp-json\/wp\/v2\/media\/210479"}],"wp:attachment":[{"href":"https:\/\/rna.ao\/rna.ao\/wp-json\/wp\/v2\/media?parent=210477"}],"wp:term":[{"taxonomy":"category","embeddable":true,"href":"https:\/\/rna.ao\/rna.ao\/wp-json\/wp\/v2\/categories?post=210477"},{"taxonomy":"post_tag","embeddable":true,"href":"https:\/\/rna.ao\/rna.ao\/wp-json\/wp\/v2\/tags?post=210477"}],"curies":[{"name":"wp","href":"https:\/\/api.w.org\/{rel}","templated":true}]}}