{"id":210469,"date":"2026-03-13T13:30:31","date_gmt":"2026-03-13T12:30:31","guid":{"rendered":"https:\/\/rna.ao\/rna.ao\/?p=210469"},"modified":"2026-03-13T13:30:31","modified_gmt":"2026-03-13T12:30:31","slug":"tribunal-da-relacao-do-uige-comemora-hoje-um-ano-de-existencia-com-foco-na-celeridade-processual","status":"publish","type":"post","link":"https:\/\/rna.ao\/rna.ao\/2026\/03\/13\/tribunal-da-relacao-do-uige-comemora-hoje-um-ano-de-existencia-com-foco-na-celeridade-processual\/","title":{"rendered":"Tribunal da Rela\u00e7\u00e3o do U\u00edge comemora hoje um ano de exist\u00eancia com foco na celeridade processual"},"content":{"rendered":"<p><img loading=\"lazy\" class=\"wp-image-192088 alignleft\" src=\"https:\/\/rna.ao\/rna.ao\/wp-content\/uploads\/2025\/09\/IMG_9166.jpeg\" alt=\"\" width=\"428\" height=\"245\" \/>O Tribunal da Rela\u00e7\u00e3o do U\u00edge, regi\u00e3o judicial n\u00famero 2, que corresponde as prov\u00edncias do U\u00edge, Malanje, Zaire e Cuanza-Norte, assinala hoje, sexta-feira, 13, o seu primeiro ano de exist\u00eancia, com foco na celeridade processual. Criado em 2025, a institui\u00e7\u00e3o j\u00e1 recepcionou at\u00e9 ao momento mais de 160 processos e deste n\u00famero 80 foram julgados. Clique no \u00e1udio abaixo para obter mais informa\u00e7\u00e3o com o jornalista Ngonga Francisco:<\/p>\n\t<div class=\"qtmplayer-playlist-large\">\n\t\t<ul class=\"qtmplayer-playlist\">\n\t\t\t\n\t\t\t\t\t<li class=\"qtmplayer-trackitem\">\n\t\t<img src=\"https:\/\/rna.ao\/rna.ao\/wp-content\/uploads\/2025\/09\/IMG_9166-100x100.jpeg\" alt=\"cover\">\t\t<span \t\t\tdata-qtmplayer-cover=\"https:\/\/rna.ao\/rna.ao\/wp-content\/uploads\/2025\/09\/IMG_9166.jpeg\"\n\t\t\t\t\t\tdata-qtmplayer-file=\"https:\/\/rna.ao\/rna.ao\/wp-content\/uploads\/2026\/03\/UIGE-TRIBUNAL-DA-RELACAO-13HRS.mp3\"\n\t\t\t\t\t\tdata-qtmplayer-title=\"Tribunal da Rela\u00e7\u00e3o do U\u00edge comemora hoje um ano de exist\u00eancia com foco na celeridade processual\"\n\t\t\t\t\t\tdata-qtmplayer-artist=\"Ant\u00f3nio Augusto\"\n\t\t\t\t\t\tdata-qtmplayer-link=\"https:\/\/rna.ao\/rna.ao\/2026\/03\/13\/tribunal-da-relacao-do-uige-comemora-hoje-um-ano-de-existencia-com-foco-na-celeridade-processual\/\"\n\t\t\t\t\t\tdata-qtmplayer-icon=\"file_download\"\n\t\t\t\t\t\tdata-qtmplayer-type=\"track\"\n\t\t\t class=\"qtmplayer-play qtmplayer-link-sec qtmplayer-play-btn\"><i class='material-icons'>play_arrow<\/i><\/span>\n\t\t<p>\n\t\t\t<span class=\"qtmplayer-tit\">Tribunal da Rela\u00e7\u00e3o do U\u00edge comemora hoje um ano de exist\u00eancia com foco na celeridade processual<\/span>\n\t\t\t<span class=\"qtmplayer-art\">Ant\u00f3nio Augusto<\/span>\n\t\t<\/p>\n\t<\/li>\n\t\t<\/ul>\n\t<\/div>\t\t\t\n\t\n","protected":false},"excerpt":{"rendered":"<p>O Tribunal da Rela\u00e7\u00e3o do U\u00edge, regi\u00e3o judicial n\u00famero 2, que corresponde as prov\u00edncias do U\u00edge, Malanje, Zaire e Cuanza-Norte, assinala hoje, sexta-feira, 13, o seu primeiro ano de exist\u00eancia, com foco na celeridade processual. Criado em 2025, a institui\u00e7\u00e3o j\u00e1 recepcionou at\u00e9 ao momento mais de 160 processos e ...<\/p>\n","protected":false},"author":23,"featured_media":192088,"comment_status":"closed","ping_status":"closed","sticky":false,"template":"","format":"standard","meta":[],"categories":[121,163],"tags":[],"_links":{"self":[{"href":"https:\/\/rna.ao\/rna.ao\/wp-json\/wp\/v2\/posts\/210469"}],"collection":[{"href":"https:\/\/rna.ao\/rna.ao\/wp-json\/wp\/v2\/posts"}],"about":[{"href":"https:\/\/rna.ao\/rna.ao\/wp-json\/wp\/v2\/types\/post"}],"author":[{"embeddable":true,"href":"https:\/\/rna.ao\/rna.ao\/wp-json\/wp\/v2\/users\/23"}],"replies":[{"embeddable":true,"href":"https:\/\/rna.ao\/rna.ao\/wp-json\/wp\/v2\/comments?post=210469"}],"version-history":[{"count":1,"href":"https:\/\/rna.ao\/rna.ao\/wp-json\/wp\/v2\/posts\/210469\/revisions"}],"predecessor-version":[{"id":210471,"href":"https:\/\/rna.ao\/rna.ao\/wp-json\/wp\/v2\/posts\/210469\/revisions\/210471"}],"wp:featuredmedia":[{"embeddable":true,"href":"https:\/\/rna.ao\/rna.ao\/wp-json\/wp\/v2\/media\/192088"}],"wp:attachment":[{"href":"https:\/\/rna.ao\/rna.ao\/wp-json\/wp\/v2\/media?parent=210469"}],"wp:term":[{"taxonomy":"category","embeddable":true,"href":"https:\/\/rna.ao\/rna.ao\/wp-json\/wp\/v2\/categories?post=210469"},{"taxonomy":"post_tag","embeddable":true,"href":"https:\/\/rna.ao\/rna.ao\/wp-json\/wp\/v2\/tags?post=210469"}],"curies":[{"name":"wp","href":"https:\/\/api.w.org\/{rel}","templated":true}]}}