{"id":210417,"date":"2026-03-13T10:19:43","date_gmt":"2026-03-13T09:19:43","guid":{"rendered":"https:\/\/rna.ao\/rna.ao\/?p=210417"},"modified":"2026-03-13T10:19:43","modified_gmt":"2026-03-13T09:19:43","slug":"oma-apresenta-novo-secretariado-executivo-nacional","status":"publish","type":"post","link":"https:\/\/rna.ao\/rna.ao\/2026\/03\/13\/oma-apresenta-novo-secretariado-executivo-nacional\/","title":{"rendered":"OMA apresenta novo Secretariado Executivo Nacional"},"content":{"rendered":"<p><img loading=\"lazy\" class=\"wp-image-204029 alignleft\" src=\"https:\/\/rna.ao\/rna.ao\/wp-content\/uploads\/2026\/01\/OMAA-770x513.jpg\" alt=\"\" width=\"374\" height=\"249\" srcset=\"https:\/\/rna.ao\/rna.ao\/wp-content\/uploads\/2026\/01\/OMAA-770x513.jpg 770w, https:\/\/rna.ao\/rna.ao\/wp-content\/uploads\/2026\/01\/OMAA-768x512.jpg 768w, https:\/\/rna.ao\/rna.ao\/wp-content\/uploads\/2026\/01\/OMAA.jpg 1024w\" sizes=\"(max-width: 374px) 100vw, 374px\" \/>A OMA, estrutura feminina do MPLA, tem composto o seu Secretariado Executivo Nacional, no \u00e2mbito do oitavo congresso realizado recentemente. O Secret\u00e1riado Executivo foi ontem, quinta-feira(12), apresentado, durante a primeira reuni\u00e3o ordin\u00e1ria da OMA, realizada em Luanda. Maria Pires dos Santos \u00e9 a Secretaria Geral Adjunta da OMA, que tamb\u00e9m responde pela educa\u00e7\u00e3o e quadros, e trata-se de uma recondu\u00e7\u00e3o. J\u00e1 a Secret\u00e1ria Geral da OMA Emilia Carlota Dias, voltou a dar express\u00e3o a inser\u00e7\u00e3o na sociedade da estruturara feminina do MPLA, a olhar para os desafios pol\u00edticos eleitorais de 2026\/2027. Clique no \u00e1udio abaixo para obter mais informa\u00e7\u00e3o com o jornalista Ant\u00f3nio Pinto:<\/p>\n\t<div class=\"qtmplayer-playlist-large\">\n\t\t<ul class=\"qtmplayer-playlist\">\n\t\t\t\n\t\t\t\t\t<li class=\"qtmplayer-trackitem\">\n\t\t<img src=\"https:\/\/rna.ao\/rna.ao\/wp-content\/uploads\/2026\/01\/OMAA-100x100.jpg\" alt=\"cover\">\t\t<span \t\t\tdata-qtmplayer-cover=\"https:\/\/rna.ao\/rna.ao\/wp-content\/uploads\/2026\/01\/OMAA-370x370.jpg\"\n\t\t\t\t\t\tdata-qtmplayer-file=\"https:\/\/rna.ao\/rna.ao\/wp-content\/uploads\/2026\/03\/ANTONIO-PINTO-20-HRS.mp3\"\n\t\t\t\t\t\tdata-qtmplayer-title=\"OMA apresenta novo Secretariado Executivo Nacional\"\n\t\t\t\t\t\tdata-qtmplayer-artist=\"Ant\u00f3nio Augusto\"\n\t\t\t\t\t\tdata-qtmplayer-link=\"https:\/\/rna.ao\/rna.ao\/2026\/03\/13\/oma-apresenta-novo-secretariado-executivo-nacional\/\"\n\t\t\t\t\t\tdata-qtmplayer-icon=\"file_download\"\n\t\t\t\t\t\tdata-qtmplayer-type=\"track\"\n\t\t\t class=\"qtmplayer-play qtmplayer-link-sec qtmplayer-play-btn\"><i class='material-icons'>play_arrow<\/i><\/span>\n\t\t<p>\n\t\t\t<span class=\"qtmplayer-tit\">OMA apresenta novo Secretariado Executivo Nacional<\/span>\n\t\t\t<span class=\"qtmplayer-art\">Ant\u00f3nio Augusto<\/span>\n\t\t<\/p>\n\t<\/li>\n\t\t<\/ul>\n\t<\/div>\t\t\t\n\t\n","protected":false},"excerpt":{"rendered":"<p>A OMA, estrutura feminina do MPLA, tem composto o seu Secretariado Executivo Nacional, no \u00e2mbito do oitavo congresso realizado recentemente. O Secret\u00e1riado Executivo foi ontem, quinta-feira(12), apresentado, durante a primeira reuni\u00e3o ordin\u00e1ria da OMA, realizada em Luanda. Maria Pires dos Santos \u00e9 a Secretaria Geral Adjunta da OMA, que tamb\u00e9m ...<\/p>\n","protected":false},"author":23,"featured_media":204029,"comment_status":"closed","ping_status":"closed","sticky":false,"template":"","format":"standard","meta":[],"categories":[121,163],"tags":[],"_links":{"self":[{"href":"https:\/\/rna.ao\/rna.ao\/wp-json\/wp\/v2\/posts\/210417"}],"collection":[{"href":"https:\/\/rna.ao\/rna.ao\/wp-json\/wp\/v2\/posts"}],"about":[{"href":"https:\/\/rna.ao\/rna.ao\/wp-json\/wp\/v2\/types\/post"}],"author":[{"embeddable":true,"href":"https:\/\/rna.ao\/rna.ao\/wp-json\/wp\/v2\/users\/23"}],"replies":[{"embeddable":true,"href":"https:\/\/rna.ao\/rna.ao\/wp-json\/wp\/v2\/comments?post=210417"}],"version-history":[{"count":1,"href":"https:\/\/rna.ao\/rna.ao\/wp-json\/wp\/v2\/posts\/210417\/revisions"}],"predecessor-version":[{"id":210420,"href":"https:\/\/rna.ao\/rna.ao\/wp-json\/wp\/v2\/posts\/210417\/revisions\/210420"}],"wp:featuredmedia":[{"embeddable":true,"href":"https:\/\/rna.ao\/rna.ao\/wp-json\/wp\/v2\/media\/204029"}],"wp:attachment":[{"href":"https:\/\/rna.ao\/rna.ao\/wp-json\/wp\/v2\/media?parent=210417"}],"wp:term":[{"taxonomy":"category","embeddable":true,"href":"https:\/\/rna.ao\/rna.ao\/wp-json\/wp\/v2\/categories?post=210417"},{"taxonomy":"post_tag","embeddable":true,"href":"https:\/\/rna.ao\/rna.ao\/wp-json\/wp\/v2\/tags?post=210417"}],"curies":[{"name":"wp","href":"https:\/\/api.w.org\/{rel}","templated":true}]}}