{"id":210410,"date":"2026-03-13T10:12:43","date_gmt":"2026-03-13T09:12:43","guid":{"rendered":"https:\/\/rna.ao\/rna.ao\/?p=210410"},"modified":"2026-03-13T10:12:43","modified_gmt":"2026-03-13T09:12:43","slug":"xiii-jornadas-parlamentares-da-unita-no-luena-encerram-com-balanco-socioeconomico","status":"publish","type":"post","link":"https:\/\/rna.ao\/rna.ao\/2026\/03\/13\/xiii-jornadas-parlamentares-da-unita-no-luena-encerram-com-balanco-socioeconomico\/","title":{"rendered":"XIII Jornadas Parlamentares da UNITA no Luena encerram com balan\u00e7o socioecon\u00f3mico"},"content":{"rendered":"<p><img loading=\"lazy\" class=\"alignnone  wp-image-210415\" src=\"https:\/\/rna.ao\/rna.ao\/wp-content\/uploads\/2026\/03\/Abertura-das-Jornadas-Parlamentares-da-UNITAF-578x770.jpg\" alt=\"\" width=\"257\" height=\"343\" srcset=\"https:\/\/rna.ao\/rna.ao\/wp-content\/uploads\/2026\/03\/Abertura-das-Jornadas-Parlamentares-da-UNITAF-578x770.jpg 578w, https:\/\/rna.ao\/rna.ao\/wp-content\/uploads\/2026\/03\/Abertura-das-Jornadas-Parlamentares-da-UNITAF-878x1170.jpg 878w, https:\/\/rna.ao\/rna.ao\/wp-content\/uploads\/2026\/03\/Abertura-das-Jornadas-Parlamentares-da-UNITAF-768x1024.jpg 768w, https:\/\/rna.ao\/rna.ao\/wp-content\/uploads\/2026\/03\/Abertura-das-Jornadas-Parlamentares-da-UNITAF-1152x1536.jpg 1152w, https:\/\/rna.ao\/rna.ao\/wp-content\/uploads\/2026\/03\/Abertura-das-Jornadas-Parlamentares-da-UNITAF.jpg 1200w\" sizes=\"(max-width: 257px) 100vw, 257px\" \/> <img loading=\"lazy\" class=\"alignnone size-full wp-image-210412\" src=\"https:\/\/rna.ao\/rna.ao\/wp-content\/uploads\/2026\/03\/Abertura-das-Jornadas-Parlamentares-da-UNITA.jpg\" alt=\"\" width=\"300\" height=\"222\" \/><\/p>\n<p>O maior partido na oposi\u00e7\u00e3o em Angola, realizou na cidade do Luena, na provincia do Moxico, as suas jornadas parlamentares. A UNITA, diz que as jornadas permitiram conhecer o quadro socioecon\u00f3mico da provincia do Moxico. Clique no \u00e1udio abaixo para obter mais informa\u00e7\u00e3o com o jornalista Rafael Dami\u00e3o:<\/p>\n\t<div class=\"qtmplayer-playlist-large\">\n\t\t<ul class=\"qtmplayer-playlist\">\n\t\t\t\n\t\t\t\t\t<li class=\"qtmplayer-trackitem\">\n\t\t<img src=\"https:\/\/rna.ao\/rna.ao\/wp-content\/uploads\/2026\/03\/Abertura-das-Jornadas-Parlamentares-da-UNITAA-100x100.jpg\" alt=\"cover\">\t\t<span \t\t\tdata-qtmplayer-cover=\"https:\/\/rna.ao\/rna.ao\/wp-content\/uploads\/2026\/03\/Abertura-das-Jornadas-Parlamentares-da-UNITAA-370x370.jpg\"\n\t\t\t\t\t\tdata-qtmplayer-file=\"https:\/\/rna.ao\/rna.ao\/wp-content\/uploads\/2026\/03\/MOXICO-UNITA-20-HRS.mp3\"\n\t\t\t\t\t\tdata-qtmplayer-title=\"XIII Jornadas Parlamentares da UNITA no Luena encerram com balan\u00e7o socioecon\u00f3mico\"\n\t\t\t\t\t\tdata-qtmplayer-artist=\"Ant\u00f3nio Augusto\"\n\t\t\t\t\t\tdata-qtmplayer-link=\"https:\/\/rna.ao\/rna.ao\/2026\/03\/13\/xiii-jornadas-parlamentares-da-unita-no-luena-encerram-com-balanco-socioeconomico\/\"\n\t\t\t\t\t\tdata-qtmplayer-icon=\"file_download\"\n\t\t\t\t\t\tdata-qtmplayer-type=\"track\"\n\t\t\t class=\"qtmplayer-play qtmplayer-link-sec qtmplayer-play-btn\"><i class='material-icons'>play_arrow<\/i><\/span>\n\t\t<p>\n\t\t\t<span class=\"qtmplayer-tit\">XIII Jornadas Parlamentares da UNITA no Luena encerram com balan\u00e7o socioecon\u00f3mico<\/span>\n\t\t\t<span class=\"qtmplayer-art\">Ant\u00f3nio Augusto<\/span>\n\t\t<\/p>\n\t<\/li>\n\t\t<\/ul>\n\t<\/div>\t\t\t\n\t\n","protected":false},"excerpt":{"rendered":"<p>O maior partido na oposi\u00e7\u00e3o em Angola, realizou na cidade do Luena, na provincia do Moxico, as suas jornadas parlamentares. A UNITA, diz que as jornadas permitiram conhecer o quadro socioecon\u00f3mico da provincia do Moxico. Clique no \u00e1udio abaixo para obter mais informa\u00e7\u00e3o com o jornalista Rafael Dami\u00e3o:<\/p>\n","protected":false},"author":23,"featured_media":210413,"comment_status":"closed","ping_status":"closed","sticky":false,"template":"","format":"standard","meta":[],"categories":[142,121,164,163],"tags":[],"_links":{"self":[{"href":"https:\/\/rna.ao\/rna.ao\/wp-json\/wp\/v2\/posts\/210410"}],"collection":[{"href":"https:\/\/rna.ao\/rna.ao\/wp-json\/wp\/v2\/posts"}],"about":[{"href":"https:\/\/rna.ao\/rna.ao\/wp-json\/wp\/v2\/types\/post"}],"author":[{"embeddable":true,"href":"https:\/\/rna.ao\/rna.ao\/wp-json\/wp\/v2\/users\/23"}],"replies":[{"embeddable":true,"href":"https:\/\/rna.ao\/rna.ao\/wp-json\/wp\/v2\/comments?post=210410"}],"version-history":[{"count":1,"href":"https:\/\/rna.ao\/rna.ao\/wp-json\/wp\/v2\/posts\/210410\/revisions"}],"predecessor-version":[{"id":210416,"href":"https:\/\/rna.ao\/rna.ao\/wp-json\/wp\/v2\/posts\/210410\/revisions\/210416"}],"wp:featuredmedia":[{"embeddable":true,"href":"https:\/\/rna.ao\/rna.ao\/wp-json\/wp\/v2\/media\/210413"}],"wp:attachment":[{"href":"https:\/\/rna.ao\/rna.ao\/wp-json\/wp\/v2\/media?parent=210410"}],"wp:term":[{"taxonomy":"category","embeddable":true,"href":"https:\/\/rna.ao\/rna.ao\/wp-json\/wp\/v2\/categories?post=210410"},{"taxonomy":"post_tag","embeddable":true,"href":"https:\/\/rna.ao\/rna.ao\/wp-json\/wp\/v2\/tags?post=210410"}],"curies":[{"name":"wp","href":"https:\/\/api.w.org\/{rel}","templated":true}]}}