{"id":210406,"date":"2026-03-13T10:05:36","date_gmt":"2026-03-13T09:05:36","guid":{"rendered":"https:\/\/rna.ao\/rna.ao\/?p=210406"},"modified":"2026-03-13T10:05:36","modified_gmt":"2026-03-13T09:05:36","slug":"comite-central-do-mpla-analisa-qualidade-do-ensino-superior-em-angola","status":"publish","type":"post","link":"https:\/\/rna.ao\/rna.ao\/2026\/03\/13\/comite-central-do-mpla-analisa-qualidade-do-ensino-superior-em-angola\/","title":{"rendered":"Comit\u00e9 Central do MPLA analisa qualidade do ensino superior em Angola"},"content":{"rendered":"<p><img loading=\"lazy\" class=\"size-full wp-image-129882 alignleft\" src=\"https:\/\/rna.ao\/rna.ao\/wp-content\/uploads\/2024\/01\/Ensino-Superior.jpg\" alt=\"\" width=\"372\" height=\"213\" srcset=\"https:\/\/rna.ao\/rna.ao\/wp-content\/uploads\/2024\/01\/Ensino-Superior.jpg 372w, https:\/\/rna.ao\/rna.ao\/wp-content\/uploads\/2024\/01\/Ensino-Superior-370x213.jpg 370w\" sizes=\"(max-width: 372px) 100vw, 372px\" \/>O refor\u00e7o da qualidade do ensino superior em Angola foi apontado como um factor determinante para o desenvolvimento sustent\u00e1vel do pa\u00eds, durante os trabalhos do Comit\u00e9 Central do MPLA. Durante a abordagem, foram analisadas quest\u00f5es relacionadas com o equil\u00edbrio entre a qualidade da forma\u00e7\u00e3o e a quantidade de estudantes formados, numa altura em que cresce a procura pelo acesso ao ensino universit\u00e1rio por parte da juventude angolana.<\/p>\n<p>Na sess\u00e3o, os membros do \u00f3rg\u00e3o deliberativo do partido no poder receberam do Executivo informa\u00e7\u00f5es sobre as estrat\u00e9gias e o plano em curso para melhorar o subsistema do ensino superior no pa\u00eds.\u00a0De acordo com Ars\u00e9nio Satyohamba, Angola procura alinhar o sistema educativo com as necessidades do desenvolvimento econ\u00f3mico e social. Clique no \u00e1udio abaixo e ou\u00e7a:<\/p>\n\t<div class=\"qtmplayer-playlist-large\">\n\t\t<ul class=\"qtmplayer-playlist\">\n\t\t\t\n\t\t\t\t\t<li class=\"qtmplayer-trackitem\">\n\t\t<img src=\"https:\/\/rna.ao\/rna.ao\/wp-content\/uploads\/2023\/10\/ensino-superior-100x100.jpg\" alt=\"cover\">\t\t<span \t\t\tdata-qtmplayer-cover=\"https:\/\/rna.ao\/rna.ao\/wp-content\/uploads\/2023\/10\/ensino-superior.jpg\"\n\t\t\t\t\t\tdata-qtmplayer-file=\"https:\/\/rna.ao\/rna.ao\/wp-content\/uploads\/2026\/03\/ARSENIO-SATYOHAMBA-20-HORAS.mp3\"\n\t\t\t\t\t\tdata-qtmplayer-title=\"Comit\u00e9 Central do MPLA analisa qualidade do ensino superior em Angola\"\n\t\t\t\t\t\tdata-qtmplayer-artist=\"Ant\u00f3nio Augusto\"\n\t\t\t\t\t\tdata-qtmplayer-link=\"https:\/\/rna.ao\/rna.ao\/2026\/03\/13\/comite-central-do-mpla-analisa-qualidade-do-ensino-superior-em-angola\/\"\n\t\t\t\t\t\tdata-qtmplayer-icon=\"file_download\"\n\t\t\t\t\t\tdata-qtmplayer-type=\"track\"\n\t\t\t class=\"qtmplayer-play qtmplayer-link-sec qtmplayer-play-btn\"><i class='material-icons'>play_arrow<\/i><\/span>\n\t\t<p>\n\t\t\t<span class=\"qtmplayer-tit\">Comit\u00e9 Central do MPLA analisa qualidade do ensino superior em Angola<\/span>\n\t\t\t<span class=\"qtmplayer-art\">Ant\u00f3nio Augusto<\/span>\n\t\t<\/p>\n\t<\/li>\n\t\t<\/ul>\n\t<\/div>\t\t\t\n\t\n<p>J\u00e1 Jos\u00e9 Ar\u00e3o Chissonde reitera que o desenvolvimento sustent\u00e1vel de Angola depende da capacidade de fortalecer o capital humano e adequar a forma\u00e7\u00e3o superior \u00e0s exig\u00eancias do mercado de trabalho. Clique no \u00e1udio abaixo e ou\u00e7a:<\/p>\n\t<div class=\"qtmplayer-playlist-large\">\n\t\t<ul class=\"qtmplayer-playlist\">\n\t\t\t\n\t\t\t\t\t<li class=\"qtmplayer-trackitem\">\n\t\t<img src=\"https:\/\/rna.ao\/rna.ao\/wp-content\/uploads\/2023\/10\/ensino-superior-100x100.jpg\" alt=\"cover\">\t\t<span \t\t\tdata-qtmplayer-cover=\"https:\/\/rna.ao\/rna.ao\/wp-content\/uploads\/2023\/10\/ensino-superior.jpg\"\n\t\t\t\t\t\tdata-qtmplayer-file=\"https:\/\/rna.ao\/rna.ao\/wp-content\/uploads\/2026\/03\/JOSE-ARAO-CHISSONDE-20-HORAS.mp3\"\n\t\t\t\t\t\tdata-qtmplayer-title=\"Comit\u00e9 Central do MPLA analisa qualidade do ensino superior em Angola\"\n\t\t\t\t\t\tdata-qtmplayer-artist=\"Ant\u00f3nio Augusto\"\n\t\t\t\t\t\tdata-qtmplayer-link=\"https:\/\/rna.ao\/rna.ao\/2026\/03\/13\/comite-central-do-mpla-analisa-qualidade-do-ensino-superior-em-angola\/\"\n\t\t\t\t\t\tdata-qtmplayer-icon=\"file_download\"\n\t\t\t\t\t\tdata-qtmplayer-type=\"track\"\n\t\t\t class=\"qtmplayer-play qtmplayer-link-sec qtmplayer-play-btn\"><i class='material-icons'>play_arrow<\/i><\/span>\n\t\t<p>\n\t\t\t<span class=\"qtmplayer-tit\">Comit\u00e9 Central do MPLA analisa qualidade do ensino superior em Angola<\/span>\n\t\t\t<span class=\"qtmplayer-art\">Ant\u00f3nio Augusto<\/span>\n\t\t<\/p>\n\t<\/li>\n\t\t<\/ul>\n\t<\/div>\t\t\t\n\t\n","protected":false},"excerpt":{"rendered":"<p>O refor\u00e7o da qualidade do ensino superior em Angola foi apontado como um factor determinante para o desenvolvimento sustent\u00e1vel do pa\u00eds, durante os trabalhos do Comit\u00e9 Central do MPLA. Durante a abordagem, foram analisadas quest\u00f5es relacionadas com o equil\u00edbrio entre a qualidade da forma\u00e7\u00e3o e a quantidade de estudantes formados, ...<\/p>\n","protected":false},"author":23,"featured_media":118143,"comment_status":"closed","ping_status":"closed","sticky":false,"template":"","format":"standard","meta":[],"categories":[142,121,163],"tags":[],"_links":{"self":[{"href":"https:\/\/rna.ao\/rna.ao\/wp-json\/wp\/v2\/posts\/210406"}],"collection":[{"href":"https:\/\/rna.ao\/rna.ao\/wp-json\/wp\/v2\/posts"}],"about":[{"href":"https:\/\/rna.ao\/rna.ao\/wp-json\/wp\/v2\/types\/post"}],"author":[{"embeddable":true,"href":"https:\/\/rna.ao\/rna.ao\/wp-json\/wp\/v2\/users\/23"}],"replies":[{"embeddable":true,"href":"https:\/\/rna.ao\/rna.ao\/wp-json\/wp\/v2\/comments?post=210406"}],"version-history":[{"count":1,"href":"https:\/\/rna.ao\/rna.ao\/wp-json\/wp\/v2\/posts\/210406\/revisions"}],"predecessor-version":[{"id":210409,"href":"https:\/\/rna.ao\/rna.ao\/wp-json\/wp\/v2\/posts\/210406\/revisions\/210409"}],"wp:featuredmedia":[{"embeddable":true,"href":"https:\/\/rna.ao\/rna.ao\/wp-json\/wp\/v2\/media\/118143"}],"wp:attachment":[{"href":"https:\/\/rna.ao\/rna.ao\/wp-json\/wp\/v2\/media?parent=210406"}],"wp:term":[{"taxonomy":"category","embeddable":true,"href":"https:\/\/rna.ao\/rna.ao\/wp-json\/wp\/v2\/categories?post=210406"},{"taxonomy":"post_tag","embeddable":true,"href":"https:\/\/rna.ao\/rna.ao\/wp-json\/wp\/v2\/tags?post=210406"}],"curies":[{"name":"wp","href":"https:\/\/api.w.org\/{rel}","templated":true}]}}