{"id":210401,"date":"2026-03-13T09:59:03","date_gmt":"2026-03-13T08:59:03","guid":{"rendered":"https:\/\/rna.ao\/rna.ao\/?p=210401"},"modified":"2026-03-13T09:59:03","modified_gmt":"2026-03-13T08:59:03","slug":"militantes-do-mpla-saudam-foco-de-joao-lourenco-na-valorizacao-das-bases","status":"publish","type":"post","link":"https:\/\/rna.ao\/rna.ao\/2026\/03\/13\/militantes-do-mpla-saudam-foco-de-joao-lourenco-na-valorizacao-das-bases\/","title":{"rendered":"Militantes do MPLA sa\u00fadam foco de Jo\u00e3o Louren\u00e7o na valoriza\u00e7\u00e3o das bases"},"content":{"rendered":"<p><img loading=\"lazy\" class=\"wp-image-154913 alignleft\" src=\"https:\/\/rna.ao\/rna.ao\/wp-content\/uploads\/2024\/09\/IMG_5067-770x493.jpeg\" alt=\"\" width=\"420\" height=\"269\" srcset=\"https:\/\/rna.ao\/rna.ao\/wp-content\/uploads\/2024\/09\/IMG_5067-770x493.jpeg 770w, https:\/\/rna.ao\/rna.ao\/wp-content\/uploads\/2024\/09\/IMG_5067-1170x750.jpeg 1170w, https:\/\/rna.ao\/rna.ao\/wp-content\/uploads\/2024\/09\/IMG_5067-768x492.jpeg 768w, https:\/\/rna.ao\/rna.ao\/wp-content\/uploads\/2024\/09\/IMG_5067.jpeg 1280w\" sizes=\"(max-width: 420px) 100vw, 420px\" \/>Os membros do Comit\u00e9 Central do MPLA sa\u00fadam o discurso do presidente do partido, considerando-o assertivo e oportuno. Para os dirigentes, ouvidos pela RNA, a mensagem de Jo\u00e3o Louren\u00e7o, fortalece o trabalho pol\u00edtico nas bases, estrat\u00e9gia essencial para consolidar as estruturas partid\u00e1rias e garantir a unidade interna. Clique no \u00e1udio abaixo para obter mais informa\u00e7\u00e3o com o jornalista Ant\u00f3nio Chocolate:<\/p>\n\t<div class=\"qtmplayer-playlist-large\">\n\t\t<ul class=\"qtmplayer-playlist\">\n\t\t\t\n\t\t\t\t\t<li class=\"qtmplayer-trackitem\">\n\t\t<img src=\"https:\/\/rna.ao\/rna.ao\/wp-content\/uploads\/2024\/09\/IMG_5067-100x100.jpeg\" alt=\"cover\">\t\t<span \t\t\tdata-qtmplayer-cover=\"https:\/\/rna.ao\/rna.ao\/wp-content\/uploads\/2024\/09\/IMG_5067-370x370.jpeg\"\n\t\t\t\t\t\tdata-qtmplayer-file=\"https:\/\/rna.ao\/rna.ao\/wp-content\/uploads\/2026\/03\/ANTONIO-CHOCOLATE-MPLA-20HRS.mp3\"\n\t\t\t\t\t\tdata-qtmplayer-title=\"Militantes do MPLA sa\u00fadam foco de Jo\u00e3o Louren\u00e7o na valoriza\u00e7\u00e3o das bases\"\n\t\t\t\t\t\tdata-qtmplayer-artist=\"Ant\u00f3nio Augusto\"\n\t\t\t\t\t\tdata-qtmplayer-link=\"https:\/\/rna.ao\/rna.ao\/2026\/03\/13\/militantes-do-mpla-saudam-foco-de-joao-lourenco-na-valorizacao-das-bases\/\"\n\t\t\t\t\t\tdata-qtmplayer-icon=\"file_download\"\n\t\t\t\t\t\tdata-qtmplayer-type=\"track\"\n\t\t\t class=\"qtmplayer-play qtmplayer-link-sec qtmplayer-play-btn\"><i class='material-icons'>play_arrow<\/i><\/span>\n\t\t<p>\n\t\t\t<span class=\"qtmplayer-tit\">Militantes do MPLA sa\u00fadam foco de Jo\u00e3o Louren\u00e7o na valoriza\u00e7\u00e3o das bases<\/span>\n\t\t\t<span class=\"qtmplayer-art\">Ant\u00f3nio Augusto<\/span>\n\t\t<\/p>\n\t<\/li>\n\t\t<\/ul>\n\t<\/div>\t\t\t\n\t\n","protected":false},"excerpt":{"rendered":"<p>Os membros do Comit\u00e9 Central do MPLA sa\u00fadam o discurso do presidente do partido, considerando-o assertivo e oportuno. Para os dirigentes, ouvidos pela RNA, a mensagem de Jo\u00e3o Louren\u00e7o, fortalece o trabalho pol\u00edtico nas bases, estrat\u00e9gia essencial para consolidar as estruturas partid\u00e1rias e garantir a unidade interna. Clique no \u00e1udio ...<\/p>\n","protected":false},"author":23,"featured_media":154913,"comment_status":"closed","ping_status":"closed","sticky":false,"template":"","format":"standard","meta":[],"categories":[142,121,163],"tags":[],"_links":{"self":[{"href":"https:\/\/rna.ao\/rna.ao\/wp-json\/wp\/v2\/posts\/210401"}],"collection":[{"href":"https:\/\/rna.ao\/rna.ao\/wp-json\/wp\/v2\/posts"}],"about":[{"href":"https:\/\/rna.ao\/rna.ao\/wp-json\/wp\/v2\/types\/post"}],"author":[{"embeddable":true,"href":"https:\/\/rna.ao\/rna.ao\/wp-json\/wp\/v2\/users\/23"}],"replies":[{"embeddable":true,"href":"https:\/\/rna.ao\/rna.ao\/wp-json\/wp\/v2\/comments?post=210401"}],"version-history":[{"count":2,"href":"https:\/\/rna.ao\/rna.ao\/wp-json\/wp\/v2\/posts\/210401\/revisions"}],"predecessor-version":[{"id":210405,"href":"https:\/\/rna.ao\/rna.ao\/wp-json\/wp\/v2\/posts\/210401\/revisions\/210405"}],"wp:featuredmedia":[{"embeddable":true,"href":"https:\/\/rna.ao\/rna.ao\/wp-json\/wp\/v2\/media\/154913"}],"wp:attachment":[{"href":"https:\/\/rna.ao\/rna.ao\/wp-json\/wp\/v2\/media?parent=210401"}],"wp:term":[{"taxonomy":"category","embeddable":true,"href":"https:\/\/rna.ao\/rna.ao\/wp-json\/wp\/v2\/categories?post=210401"},{"taxonomy":"post_tag","embeddable":true,"href":"https:\/\/rna.ao\/rna.ao\/wp-json\/wp\/v2\/tags?post=210401"}],"curies":[{"name":"wp","href":"https:\/\/api.w.org\/{rel}","templated":true}]}}