{"id":210366,"date":"2026-03-13T09:19:09","date_gmt":"2026-03-13T08:19:09","guid":{"rendered":"https:\/\/rna.ao\/rna.ao\/?p=210366"},"modified":"2026-03-13T09:19:09","modified_gmt":"2026-03-13T08:19:09","slug":"servicos-penitenciarios-celebram-47-com-olhar-na-humanizacao-dos-reclusos","status":"publish","type":"post","link":"https:\/\/rna.ao\/rna.ao\/2026\/03\/13\/servicos-penitenciarios-celebram-47-com-olhar-na-humanizacao-dos-reclusos\/","title":{"rendered":"Servi\u00e7os penitenci\u00e1rios celebram 47 com olhar na humaniza\u00e7\u00e3o dos reclusos"},"content":{"rendered":"<p><img loading=\"lazy\" class=\"wp-image-96841 alignleft\" src=\"https:\/\/rna.ao\/rna.ao\/wp-content\/uploads\/2023\/03\/Servicos-penitenciarios-em-parada.jpg\" alt=\"\" width=\"331\" height=\"221\" \/>No \u00e2mbito do programa celebrativo dos 47 anos, dos Servi\u00e7os Penitenci\u00e1rios, reclusos, dos diversos estabelecimentos prisionais, participaram da jornada Jur\u00eddica e de Sa\u00fade Psicol\u00f3gica. Segundo o porta-voz dos servi\u00e7os Prisionais, Agostinho Chiteculo, esta campanha visa elevar os conhecimentos dos reclusos. Clique no \u00e1udio abaixo e ou\u00e7a:<\/p>\n\t<div class=\"qtmplayer-playlist-large\">\n\t\t<ul class=\"qtmplayer-playlist\">\n\t\t\t\n\t\t\t\t\t<li class=\"qtmplayer-trackitem\">\n\t\t<img src=\"https:\/\/rna.ao\/rna.ao\/wp-content\/uploads\/2023\/03\/Servicos-penitenciarios-em-parada-1-100x100.jpg\" alt=\"cover\">\t\t<span \t\t\tdata-qtmplayer-cover=\"https:\/\/rna.ao\/rna.ao\/wp-content\/uploads\/2023\/03\/Servicos-penitenciarios-em-parada-1.jpg\"\n\t\t\t\t\t\tdata-qtmplayer-file=\"https:\/\/rna.ao\/rna.ao\/wp-content\/uploads\/2026\/03\/AGOSTINHO-CHITECULO-1.mp3\"\n\t\t\t\t\t\tdata-qtmplayer-title=\"Servi\u00e7os penitenci\u00e1rios celebram 47 com olhar na humaniza\u00e7\u00e3o dos reclusos\"\n\t\t\t\t\t\tdata-qtmplayer-artist=\"Ant\u00f3nio Augusto\"\n\t\t\t\t\t\tdata-qtmplayer-link=\"https:\/\/rna.ao\/rna.ao\/2026\/03\/13\/servicos-penitenciarios-celebram-47-com-olhar-na-humanizacao-dos-reclusos\/\"\n\t\t\t\t\t\tdata-qtmplayer-icon=\"file_download\"\n\t\t\t\t\t\tdata-qtmplayer-type=\"track\"\n\t\t\t class=\"qtmplayer-play qtmplayer-link-sec qtmplayer-play-btn\"><i class='material-icons'>play_arrow<\/i><\/span>\n\t\t<p>\n\t\t\t<span class=\"qtmplayer-tit\">Servi\u00e7os penitenci\u00e1rios celebram 47 com olhar na humaniza\u00e7\u00e3o dos reclusos<\/span>\n\t\t\t<span class=\"qtmplayer-art\">Ant\u00f3nio Augusto<\/span>\n\t\t<\/p>\n\t<\/li>\n\t\t<\/ul>\n\t<\/div>\t\t\t\n\t\n<p>J\u00e1 neste s\u00e1bado, 14,\u00a0 est\u00e1 ainda reservado uma campanha de limpeza ao cemit\u00e9rio da Santa Ana, em que estar\u00e3o envolvidos alguns reclusos. Clique no \u00e1udio abaixo e ou\u00e7a:<\/p>\n\t<div class=\"qtmplayer-playlist-large\">\n\t\t<ul class=\"qtmplayer-playlist\">\n\t\t\t\n\t\t\t\t\t<li class=\"qtmplayer-trackitem\">\n\t\t<img src=\"https:\/\/rna.ao\/rna.ao\/wp-content\/uploads\/2023\/03\/Servicos-penitenciarios-em-parada-1-100x100.jpg\" alt=\"cover\">\t\t<span \t\t\tdata-qtmplayer-cover=\"https:\/\/rna.ao\/rna.ao\/wp-content\/uploads\/2023\/03\/Servicos-penitenciarios-em-parada-1.jpg\"\n\t\t\t\t\t\tdata-qtmplayer-file=\"https:\/\/rna.ao\/rna.ao\/wp-content\/uploads\/2026\/03\/AGOSTINHO-CHITECULO-2.mp3\"\n\t\t\t\t\t\tdata-qtmplayer-title=\"Servi\u00e7os penitenci\u00e1rios celebram 47 com olhar na humaniza\u00e7\u00e3o dos reclusos\"\n\t\t\t\t\t\tdata-qtmplayer-artist=\"Ant\u00f3nio Augusto\"\n\t\t\t\t\t\tdata-qtmplayer-link=\"https:\/\/rna.ao\/rna.ao\/2026\/03\/13\/servicos-penitenciarios-celebram-47-com-olhar-na-humanizacao-dos-reclusos\/\"\n\t\t\t\t\t\tdata-qtmplayer-icon=\"file_download\"\n\t\t\t\t\t\tdata-qtmplayer-type=\"track\"\n\t\t\t class=\"qtmplayer-play qtmplayer-link-sec qtmplayer-play-btn\"><i class='material-icons'>play_arrow<\/i><\/span>\n\t\t<p>\n\t\t\t<span class=\"qtmplayer-tit\">Servi\u00e7os penitenci\u00e1rios celebram 47 com olhar na humaniza\u00e7\u00e3o dos reclusos<\/span>\n\t\t\t<span class=\"qtmplayer-art\">Ant\u00f3nio Augusto<\/span>\n\t\t<\/p>\n\t<\/li>\n\t\t<\/ul>\n\t<\/div>\t\t\t\n\t\n<p>&nbsp;<\/p>\n","protected":false},"excerpt":{"rendered":"<p>No \u00e2mbito do programa celebrativo dos 47 anos, dos Servi\u00e7os Penitenci\u00e1rios, reclusos, dos diversos estabelecimentos prisionais, participaram da jornada Jur\u00eddica e de Sa\u00fade Psicol\u00f3gica. Segundo o porta-voz dos servi\u00e7os Prisionais, Agostinho Chiteculo, esta campanha visa elevar os conhecimentos dos reclusos. Clique no \u00e1udio abaixo e ou\u00e7a: J\u00e1 neste s\u00e1bado, 14,\u00a0 ...<\/p>\n","protected":false},"author":23,"featured_media":96842,"comment_status":"closed","ping_status":"closed","sticky":false,"template":"","format":"standard","meta":[],"categories":[141,133],"tags":[],"_links":{"self":[{"href":"https:\/\/rna.ao\/rna.ao\/wp-json\/wp\/v2\/posts\/210366"}],"collection":[{"href":"https:\/\/rna.ao\/rna.ao\/wp-json\/wp\/v2\/posts"}],"about":[{"href":"https:\/\/rna.ao\/rna.ao\/wp-json\/wp\/v2\/types\/post"}],"author":[{"embeddable":true,"href":"https:\/\/rna.ao\/rna.ao\/wp-json\/wp\/v2\/users\/23"}],"replies":[{"embeddable":true,"href":"https:\/\/rna.ao\/rna.ao\/wp-json\/wp\/v2\/comments?post=210366"}],"version-history":[{"count":2,"href":"https:\/\/rna.ao\/rna.ao\/wp-json\/wp\/v2\/posts\/210366\/revisions"}],"predecessor-version":[{"id":210371,"href":"https:\/\/rna.ao\/rna.ao\/wp-json\/wp\/v2\/posts\/210366\/revisions\/210371"}],"wp:featuredmedia":[{"embeddable":true,"href":"https:\/\/rna.ao\/rna.ao\/wp-json\/wp\/v2\/media\/96842"}],"wp:attachment":[{"href":"https:\/\/rna.ao\/rna.ao\/wp-json\/wp\/v2\/media?parent=210366"}],"wp:term":[{"taxonomy":"category","embeddable":true,"href":"https:\/\/rna.ao\/rna.ao\/wp-json\/wp\/v2\/categories?post=210366"},{"taxonomy":"post_tag","embeddable":true,"href":"https:\/\/rna.ao\/rna.ao\/wp-json\/wp\/v2\/tags?post=210366"}],"curies":[{"name":"wp","href":"https:\/\/api.w.org\/{rel}","templated":true}]}}