{"id":210363,"date":"2026-03-13T09:15:25","date_gmt":"2026-03-13T08:15:25","guid":{"rendered":"https:\/\/rna.ao\/rna.ao\/?p=210363"},"modified":"2026-03-13T09:15:25","modified_gmt":"2026-03-13T08:15:25","slug":"sic-confirma-detencao-de-jovens-envolvidos-na-morte-de-um-seguranca-e-agressao-fisica-a-um-advogado-nos-mulenvos","status":"publish","type":"post","link":"https:\/\/rna.ao\/rna.ao\/2026\/03\/13\/sic-confirma-detencao-de-jovens-envolvidos-na-morte-de-um-seguranca-e-agressao-fisica-a-um-advogado-nos-mulenvos\/","title":{"rendered":"SIC confirma deten\u00e7\u00e3o de jovens envolvidos na morte de um seguran\u00e7a e agress\u00e3o f\u00edsica a um advogado nos Mulenvos"},"content":{"rendered":"<p><img loading=\"lazy\" class=\"size-full wp-image-188026 alignleft\" src=\"https:\/\/rna.ao\/rna.ao\/wp-content\/uploads\/2025\/08\/detidos.jpg\" alt=\"\" width=\"316\" height=\"421\" \/>Est\u00e3o detidos os indiv\u00edduos, implicados na morte de um seguran\u00e7a e agress\u00e3o a um advogado no munic\u00edpio dos Mulenvos. Segundo o porta-voz do SIC-Luanda, Fernando Carvalho, os dois jovens detidos s\u00e3o ainda acusados de estar envolvidos noutras situa\u00e7\u00f5es delituosas. Clique no \u00e1udio abaixo e ou\u00e7a:<\/p>\n\t<div class=\"qtmplayer-playlist-large\">\n\t\t<ul class=\"qtmplayer-playlist\">\n\t\t\t\n\t\t\t\t\t<li class=\"qtmplayer-trackitem\">\n\t\t<img src=\"https:\/\/rna.ao\/rna.ao\/wp-content\/uploads\/2025\/08\/detidos-100x100.jpg\" alt=\"cover\">\t\t<span \t\t\tdata-qtmplayer-cover=\"https:\/\/rna.ao\/rna.ao\/wp-content\/uploads\/2025\/08\/detidos.jpg\"\n\t\t\t\t\t\tdata-qtmplayer-file=\"https:\/\/rna.ao\/rna.ao\/wp-content\/uploads\/2026\/03\/FERNANDO-CARVALHO-SIC-1.mp3\"\n\t\t\t\t\t\tdata-qtmplayer-title=\"SIC confirma deten\u00e7\u00e3o de jovens envolvidos na morte de um seguran\u00e7a e agress\u00e3o f\u00edsica a um advogado nos Mulenvos\"\n\t\t\t\t\t\tdata-qtmplayer-artist=\"Ant\u00f3nio Augusto\"\n\t\t\t\t\t\tdata-qtmplayer-link=\"https:\/\/rna.ao\/rna.ao\/2026\/03\/13\/sic-confirma-detencao-de-jovens-envolvidos-na-morte-de-um-seguranca-e-agressao-fisica-a-um-advogado-nos-mulenvos\/\"\n\t\t\t\t\t\tdata-qtmplayer-icon=\"file_download\"\n\t\t\t\t\t\tdata-qtmplayer-type=\"track\"\n\t\t\t class=\"qtmplayer-play qtmplayer-link-sec qtmplayer-play-btn\"><i class='material-icons'>play_arrow<\/i><\/span>\n\t\t<p>\n\t\t\t<span class=\"qtmplayer-tit\">SIC confirma deten\u00e7\u00e3o de jovens envolvidos na morte de um seguran\u00e7a e agress\u00e3o f\u00edsica a um advogado nos Mulenvos<\/span>\n\t\t\t<span class=\"qtmplayer-art\">Ant\u00f3nio Augusto<\/span>\n\t\t<\/p>\n\t<\/li>\n\t\t<\/ul>\n\t<\/div>\t\t\t\n\t\n","protected":false},"excerpt":{"rendered":"<p>Est\u00e3o detidos os indiv\u00edduos, implicados na morte de um seguran\u00e7a e agress\u00e3o a um advogado no munic\u00edpio dos Mulenvos. Segundo o porta-voz do SIC-Luanda, Fernando Carvalho, os dois jovens detidos s\u00e3o ainda acusados de estar envolvidos noutras situa\u00e7\u00f5es delituosas. Clique no \u00e1udio abaixo e ou\u00e7a:<\/p>\n","protected":false},"author":23,"featured_media":188026,"comment_status":"closed","ping_status":"closed","sticky":false,"template":"","format":"standard","meta":[],"categories":[141,133],"tags":[],"_links":{"self":[{"href":"https:\/\/rna.ao\/rna.ao\/wp-json\/wp\/v2\/posts\/210363"}],"collection":[{"href":"https:\/\/rna.ao\/rna.ao\/wp-json\/wp\/v2\/posts"}],"about":[{"href":"https:\/\/rna.ao\/rna.ao\/wp-json\/wp\/v2\/types\/post"}],"author":[{"embeddable":true,"href":"https:\/\/rna.ao\/rna.ao\/wp-json\/wp\/v2\/users\/23"}],"replies":[{"embeddable":true,"href":"https:\/\/rna.ao\/rna.ao\/wp-json\/wp\/v2\/comments?post=210363"}],"version-history":[{"count":1,"href":"https:\/\/rna.ao\/rna.ao\/wp-json\/wp\/v2\/posts\/210363\/revisions"}],"predecessor-version":[{"id":210365,"href":"https:\/\/rna.ao\/rna.ao\/wp-json\/wp\/v2\/posts\/210363\/revisions\/210365"}],"wp:featuredmedia":[{"embeddable":true,"href":"https:\/\/rna.ao\/rna.ao\/wp-json\/wp\/v2\/media\/188026"}],"wp:attachment":[{"href":"https:\/\/rna.ao\/rna.ao\/wp-json\/wp\/v2\/media?parent=210363"}],"wp:term":[{"taxonomy":"category","embeddable":true,"href":"https:\/\/rna.ao\/rna.ao\/wp-json\/wp\/v2\/categories?post=210363"},{"taxonomy":"post_tag","embeddable":true,"href":"https:\/\/rna.ao\/rna.ao\/wp-json\/wp\/v2\/tags?post=210363"}],"curies":[{"name":"wp","href":"https:\/\/api.w.org\/{rel}","templated":true}]}}