{"id":210359,"date":"2026-03-13T09:11:10","date_gmt":"2026-03-13T08:11:10","guid":{"rendered":"https:\/\/rna.ao\/rna.ao\/?p=210359"},"modified":"2026-03-13T09:11:10","modified_gmt":"2026-03-13T08:11:10","slug":"suposto-agente-do-sic-acusado-de-queimar-cidadao-por-ajuste-de-contas","status":"publish","type":"post","link":"https:\/\/rna.ao\/rna.ao\/2026\/03\/13\/suposto-agente-do-sic-acusado-de-queimar-cidadao-por-ajuste-de-contas\/","title":{"rendered":"Suposto agente do SIC acusado de queimar cidad\u00e3o por ajuste de contas"},"content":{"rendered":"<p><img loading=\"lazy\" class=\"size-full wp-image-37186 alignleft\" src=\"https:\/\/rna.ao\/rna.ao\/wp-content\/uploads\/2021\/09\/Maos-Queimadas.jpg\" alt=\"\" width=\"267\" height=\"189\" \/>Um Jovem de 21 anos de idade, foi queimado por um suposto agente do SIC, no Munic\u00edpio do Cazenga, depois de ter sido acusado de furtar bens do familiar do alegado agente. Ou\u00e7a o desenvolvimento desta mat\u00e9ria na voz do jornalista Vladmir Valente clicando no \u00e1udio abaixo:<\/p>\n\t<div class=\"qtmplayer-playlist-large\">\n\t\t<ul class=\"qtmplayer-playlist\">\n\t\t\t\n\t\t\t\t\t<li class=\"qtmplayer-trackitem\">\n\t\t<img src=\"https:\/\/rna.ao\/rna.ao\/wp-content\/uploads\/2021\/09\/Queimaduras-100x100.jpg\" alt=\"cover\">\t\t<span \t\t\tdata-qtmplayer-cover=\"https:\/\/rna.ao\/rna.ao\/wp-content\/uploads\/2021\/09\/Queimaduras.jpg\"\n\t\t\t\t\t\tdata-qtmplayer-file=\"https:\/\/rna.ao\/rna.ao\/wp-content\/uploads\/2026\/03\/VLADIMIRO-VALENTE-.mp3\"\n\t\t\t\t\t\tdata-qtmplayer-title=\"Suposto agente do SIC acusado de queimar cidad\u00e3o por ajuste de contas\"\n\t\t\t\t\t\tdata-qtmplayer-artist=\"Ant\u00f3nio Augusto\"\n\t\t\t\t\t\tdata-qtmplayer-link=\"https:\/\/rna.ao\/rna.ao\/2026\/03\/13\/suposto-agente-do-sic-acusado-de-queimar-cidadao-por-ajuste-de-contas\/\"\n\t\t\t\t\t\tdata-qtmplayer-icon=\"file_download\"\n\t\t\t\t\t\tdata-qtmplayer-type=\"track\"\n\t\t\t class=\"qtmplayer-play qtmplayer-link-sec qtmplayer-play-btn\"><i class='material-icons'>play_arrow<\/i><\/span>\n\t\t<p>\n\t\t\t<span class=\"qtmplayer-tit\">Suposto agente do SIC acusado de queimar cidad\u00e3o por ajuste de contas<\/span>\n\t\t\t<span class=\"qtmplayer-art\">Ant\u00f3nio Augusto<\/span>\n\t\t<\/p>\n\t<\/li>\n\t\t<\/ul>\n\t<\/div>\t\t\t\n\t\n<p>O jovem est\u00e1 a ser assistido no Hospital do Prenda onde recebe assist\u00eancia m\u00e9dica. Ou\u00e7a o desenvolvimento desta mat\u00e9ria na voz do jornalista Louren\u00e7o Chivinda clicando no \u00e1udio abaixo:<\/p>\n\t<div class=\"qtmplayer-playlist-large\">\n\t\t<ul class=\"qtmplayer-playlist\">\n\t\t\t\n\t\t\t\t\t<li class=\"qtmplayer-trackitem\">\n\t\t<img src=\"https:\/\/rna.ao\/rna.ao\/wp-content\/uploads\/2021\/09\/Queimaduras-100x100.jpg\" alt=\"cover\">\t\t<span \t\t\tdata-qtmplayer-cover=\"https:\/\/rna.ao\/rna.ao\/wp-content\/uploads\/2021\/09\/Queimaduras.jpg\"\n\t\t\t\t\t\tdata-qtmplayer-file=\"https:\/\/rna.ao\/rna.ao\/wp-content\/uploads\/2026\/03\/LOURECO-CHIVINDA-SIMULADO-DIRETO-.mp3\"\n\t\t\t\t\t\tdata-qtmplayer-title=\"Suposto agente do SIC acusado de queimar cidad\u00e3o por ajuste de contas\"\n\t\t\t\t\t\tdata-qtmplayer-artist=\"Ant\u00f3nio Augusto\"\n\t\t\t\t\t\tdata-qtmplayer-link=\"https:\/\/rna.ao\/rna.ao\/2026\/03\/13\/suposto-agente-do-sic-acusado-de-queimar-cidadao-por-ajuste-de-contas\/\"\n\t\t\t\t\t\tdata-qtmplayer-icon=\"file_download\"\n\t\t\t\t\t\tdata-qtmplayer-type=\"track\"\n\t\t\t class=\"qtmplayer-play qtmplayer-link-sec qtmplayer-play-btn\"><i class='material-icons'>play_arrow<\/i><\/span>\n\t\t<p>\n\t\t\t<span class=\"qtmplayer-tit\">Suposto agente do SIC acusado de queimar cidad\u00e3o por ajuste de contas<\/span>\n\t\t\t<span class=\"qtmplayer-art\">Ant\u00f3nio Augusto<\/span>\n\t\t<\/p>\n\t<\/li>\n\t\t<\/ul>\n\t<\/div>\t\t\t\n\t\n","protected":false},"excerpt":{"rendered":"<p>Um Jovem de 21 anos de idade, foi queimado por um suposto agente do SIC, no Munic\u00edpio do Cazenga, depois de ter sido acusado de furtar bens do familiar do alegado agente. Ou\u00e7a o desenvolvimento desta mat\u00e9ria na voz do jornalista Vladmir Valente clicando no \u00e1udio abaixo: O jovem est\u00e1 ...<\/p>\n","protected":false},"author":23,"featured_media":38138,"comment_status":"closed","ping_status":"closed","sticky":false,"template":"","format":"standard","meta":[],"categories":[141,133],"tags":[],"_links":{"self":[{"href":"https:\/\/rna.ao\/rna.ao\/wp-json\/wp\/v2\/posts\/210359"}],"collection":[{"href":"https:\/\/rna.ao\/rna.ao\/wp-json\/wp\/v2\/posts"}],"about":[{"href":"https:\/\/rna.ao\/rna.ao\/wp-json\/wp\/v2\/types\/post"}],"author":[{"embeddable":true,"href":"https:\/\/rna.ao\/rna.ao\/wp-json\/wp\/v2\/users\/23"}],"replies":[{"embeddable":true,"href":"https:\/\/rna.ao\/rna.ao\/wp-json\/wp\/v2\/comments?post=210359"}],"version-history":[{"count":1,"href":"https:\/\/rna.ao\/rna.ao\/wp-json\/wp\/v2\/posts\/210359\/revisions"}],"predecessor-version":[{"id":210362,"href":"https:\/\/rna.ao\/rna.ao\/wp-json\/wp\/v2\/posts\/210359\/revisions\/210362"}],"wp:featuredmedia":[{"embeddable":true,"href":"https:\/\/rna.ao\/rna.ao\/wp-json\/wp\/v2\/media\/38138"}],"wp:attachment":[{"href":"https:\/\/rna.ao\/rna.ao\/wp-json\/wp\/v2\/media?parent=210359"}],"wp:term":[{"taxonomy":"category","embeddable":true,"href":"https:\/\/rna.ao\/rna.ao\/wp-json\/wp\/v2\/categories?post=210359"},{"taxonomy":"post_tag","embeddable":true,"href":"https:\/\/rna.ao\/rna.ao\/wp-json\/wp\/v2\/tags?post=210359"}],"curies":[{"name":"wp","href":"https:\/\/api.w.org\/{rel}","templated":true}]}}