{"id":210356,"date":"2026-03-13T08:59:21","date_gmt":"2026-03-13T07:59:21","guid":{"rendered":"https:\/\/rna.ao\/rna.ao\/?p=210356"},"modified":"2026-03-13T08:59:21","modified_gmt":"2026-03-13T07:59:21","slug":"inis-acolhe-no-sabado-o-seminario-sobre-diagnostico-laboratorial","status":"publish","type":"post","link":"https:\/\/rna.ao\/rna.ao\/2026\/03\/13\/inis-acolhe-no-sabado-o-seminario-sobre-diagnostico-laboratorial\/","title":{"rendered":"INIS acolhe no s\u00e1bado o semin\u00e1rio sobre Diagn\u00f3stico Laboratorial"},"content":{"rendered":"<p><img loading=\"lazy\" class=\"size-full wp-image-29728 alignleft\" src=\"https:\/\/rna.ao\/rna.ao\/wp-content\/uploads\/2021\/07\/Laboratorio.jpg\" alt=\"\" width=\"288\" height=\"175\" \/>O Instituto Nacional de investiga\u00e7\u00e3o da sa\u00fade realiza neste s\u00e1bado, 14 de Mar\u00e7o, um semin\u00e1rio sobre Diagn\u00f3stico Laboratorial. T\u00e9cnicos de v\u00e1rios pontos do pa\u00eds, v\u00e3o participar do evento, que vai olhar para as tecnologias laboratoriais, como avan\u00e7a L\u00facia Canga, da organiza\u00e7\u00e3o. Clique no \u00e1udio abaixo e ou\u00e7a:<\/p>\n\t<div class=\"qtmplayer-playlist-large\">\n\t\t<ul class=\"qtmplayer-playlist\">\n\t\t\t\n\t\t\t\t\t<li class=\"qtmplayer-trackitem\">\n\t\t<img src=\"https:\/\/rna.ao\/rna.ao\/wp-content\/uploads\/2021\/07\/Laboratorio-100x100.jpg\" alt=\"cover\">\t\t<span \t\t\tdata-qtmplayer-cover=\"https:\/\/rna.ao\/rna.ao\/wp-content\/uploads\/2021\/07\/Laboratorio.jpg\"\n\t\t\t\t\t\tdata-qtmplayer-file=\"https:\/\/rna.ao\/rna.ao\/wp-content\/uploads\/2026\/03\/LUCIA-CANGA-.mp3\"\n\t\t\t\t\t\tdata-qtmplayer-title=\"INIS acolhe no s\u00e1bado o semin\u00e1rio sobre Diagn\u00f3stico Laboratorial\"\n\t\t\t\t\t\tdata-qtmplayer-artist=\"Ant\u00f3nio Augusto\"\n\t\t\t\t\t\tdata-qtmplayer-link=\"https:\/\/rna.ao\/rna.ao\/2026\/03\/13\/inis-acolhe-no-sabado-o-seminario-sobre-diagnostico-laboratorial\/\"\n\t\t\t\t\t\tdata-qtmplayer-icon=\"file_download\"\n\t\t\t\t\t\tdata-qtmplayer-type=\"track\"\n\t\t\t class=\"qtmplayer-play qtmplayer-link-sec qtmplayer-play-btn\"><i class='material-icons'>play_arrow<\/i><\/span>\n\t\t<p>\n\t\t\t<span class=\"qtmplayer-tit\">INIS acolhe no s\u00e1bado o semin\u00e1rio sobre Diagn\u00f3stico Laboratorial<\/span>\n\t\t\t<span class=\"qtmplayer-art\">Ant\u00f3nio Augusto<\/span>\n\t\t<\/p>\n\t<\/li>\n\t\t<\/ul>\n\t<\/div>\t\t\t\n\t\n","protected":false},"excerpt":{"rendered":"<p>O Instituto Nacional de investiga\u00e7\u00e3o da sa\u00fade realiza neste s\u00e1bado, 14 de Mar\u00e7o, um semin\u00e1rio sobre Diagn\u00f3stico Laboratorial. T\u00e9cnicos de v\u00e1rios pontos do pa\u00eds, v\u00e3o participar do evento, que vai olhar para as tecnologias laboratoriais, como avan\u00e7a L\u00facia Canga, da organiza\u00e7\u00e3o. Clique no \u00e1udio abaixo e ou\u00e7a:<\/p>\n","protected":false},"author":23,"featured_media":29728,"comment_status":"closed","ping_status":"closed","sticky":false,"template":"","format":"standard","meta":[],"categories":[141,133],"tags":[],"_links":{"self":[{"href":"https:\/\/rna.ao\/rna.ao\/wp-json\/wp\/v2\/posts\/210356"}],"collection":[{"href":"https:\/\/rna.ao\/rna.ao\/wp-json\/wp\/v2\/posts"}],"about":[{"href":"https:\/\/rna.ao\/rna.ao\/wp-json\/wp\/v2\/types\/post"}],"author":[{"embeddable":true,"href":"https:\/\/rna.ao\/rna.ao\/wp-json\/wp\/v2\/users\/23"}],"replies":[{"embeddable":true,"href":"https:\/\/rna.ao\/rna.ao\/wp-json\/wp\/v2\/comments?post=210356"}],"version-history":[{"count":1,"href":"https:\/\/rna.ao\/rna.ao\/wp-json\/wp\/v2\/posts\/210356\/revisions"}],"predecessor-version":[{"id":210358,"href":"https:\/\/rna.ao\/rna.ao\/wp-json\/wp\/v2\/posts\/210356\/revisions\/210358"}],"wp:featuredmedia":[{"embeddable":true,"href":"https:\/\/rna.ao\/rna.ao\/wp-json\/wp\/v2\/media\/29728"}],"wp:attachment":[{"href":"https:\/\/rna.ao\/rna.ao\/wp-json\/wp\/v2\/media?parent=210356"}],"wp:term":[{"taxonomy":"category","embeddable":true,"href":"https:\/\/rna.ao\/rna.ao\/wp-json\/wp\/v2\/categories?post=210356"},{"taxonomy":"post_tag","embeddable":true,"href":"https:\/\/rna.ao\/rna.ao\/wp-json\/wp\/v2\/tags?post=210356"}],"curies":[{"name":"wp","href":"https:\/\/api.w.org\/{rel}","templated":true}]}}