{"id":210349,"date":"2026-03-13T08:54:47","date_gmt":"2026-03-13T07:54:47","guid":{"rendered":"https:\/\/rna.ao\/rna.ao\/?p=210349"},"modified":"2026-03-13T08:57:12","modified_gmt":"2026-03-13T07:57:12","slug":"numero-de-pacientes-com-insuficiencia-renal-aumenta-significativmanete-em-angola","status":"publish","type":"post","link":"https:\/\/rna.ao\/rna.ao\/2026\/03\/13\/numero-de-pacientes-com-insuficiencia-renal-aumenta-significativmanete-em-angola\/","title":{"rendered":"N\u00famero de pacientes com insuficiencia renal aumenta significativmanete em Angola"},"content":{"rendered":"<p><img loading=\"lazy\" class=\"wp-image-210351 alignleft\" src=\"https:\/\/rna.ao\/rna.ao\/wp-content\/uploads\/2026\/03\/insuficiencia-renal-aumenta-significativmanete-em-Angola-770x513.jpg\" alt=\"\" width=\"362\" height=\"241\" srcset=\"https:\/\/rna.ao\/rna.ao\/wp-content\/uploads\/2026\/03\/insuficiencia-renal-aumenta-significativmanete-em-Angola-770x513.jpg 770w, https:\/\/rna.ao\/rna.ao\/wp-content\/uploads\/2026\/03\/insuficiencia-renal-aumenta-significativmanete-em-Angola-768x512.jpg 768w, https:\/\/rna.ao\/rna.ao\/wp-content\/uploads\/2026\/03\/insuficiencia-renal-aumenta-significativmanete-em-Angola.jpg 900w\" sizes=\"(max-width: 362px) 100vw, 362px\" \/>O Presidente do Col\u00e9gio de Nefrologia, Jos\u00e9 Malanda, diz que o n\u00famero de pacientes submetidos \u00e0 hemodi\u00e1lise tem vindo a aumentar no Pa\u00eds, logo a \u00a0necessidade da preven\u00e7\u00e3o, diagn\u00f3stico precoce e cuidado com a sa\u00fade renal.<\/p>\n\t<div class=\"qtmplayer-playlist-large\">\n\t\t<ul class=\"qtmplayer-playlist\">\n\t\t\t\n\t\t\t\t\t<li class=\"qtmplayer-trackitem\">\n\t\t<img src=\"https:\/\/rna.ao\/rna.ao\/wp-content\/uploads\/2026\/03\/insuficiencia-renal-aumenta-significativmanete-em-Angola-100x100.jpg\" alt=\"cover\">\t\t<span \t\t\tdata-qtmplayer-cover=\"https:\/\/rna.ao\/rna.ao\/wp-content\/uploads\/2026\/03\/insuficiencia-renal-aumenta-significativmanete-em-Angola-370x370.jpg\"\n\t\t\t\t\t\tdata-qtmplayer-file=\"https:\/\/rna.ao\/rna.ao\/wp-content\/uploads\/2026\/03\/JOSE-MALANDA-RIM.mp3\"\n\t\t\t\t\t\tdata-qtmplayer-title=\"N\u00famero de pacientes com insuficiencia renal aumenta significativmanete em Angola\"\n\t\t\t\t\t\tdata-qtmplayer-artist=\"Ant\u00f3nio Augusto\"\n\t\t\t\t\t\tdata-qtmplayer-link=\"https:\/\/rna.ao\/rna.ao\/2026\/03\/13\/numero-de-pacientes-com-insuficiencia-renal-aumenta-significativmanete-em-angola\/\"\n\t\t\t\t\t\tdata-qtmplayer-icon=\"file_download\"\n\t\t\t\t\t\tdata-qtmplayer-type=\"track\"\n\t\t\t class=\"qtmplayer-play qtmplayer-link-sec qtmplayer-play-btn\"><i class='material-icons'>play_arrow<\/i><\/span>\n\t\t<p>\n\t\t\t<span class=\"qtmplayer-tit\">N\u00famero de pacientes com insuficiencia renal aumenta significativmanete em Angola<\/span>\n\t\t\t<span class=\"qtmplayer-art\">Ant\u00f3nio Augusto<\/span>\n\t\t<\/p>\n\t<\/li>\n\t\t<\/ul>\n\t<\/div>\t\t\t\n\t\n<p>E a nefrologista Nzuze Nfinga, apela a sociedade a \u00a0melhorar o sistema de vida. A m\u00e9dica fala em melhoria da alimenta\u00e7\u00e3o e de alguns h\u00e1bitos.\u00a0Ou\u00e7a o desenvolvimento desta mat\u00e9ria na voz da jornalista Luzia Fuxe clicando no \u00e1udio abaixo:<\/p>\n\t<div class=\"qtmplayer-playlist-large\">\n\t\t<ul class=\"qtmplayer-playlist\">\n\t\t\t\n\t\t\t\t\t<li class=\"qtmplayer-trackitem\">\n\t\t<img src=\"https:\/\/rna.ao\/rna.ao\/wp-content\/uploads\/2026\/03\/insuficiencia-renal-aumenta-significativmanete-em-Angola-100x100.jpg\" alt=\"cover\">\t\t<span \t\t\tdata-qtmplayer-cover=\"https:\/\/rna.ao\/rna.ao\/wp-content\/uploads\/2026\/03\/insuficiencia-renal-aumenta-significativmanete-em-Angola-370x370.jpg\"\n\t\t\t\t\t\tdata-qtmplayer-file=\"https:\/\/rna.ao\/rna.ao\/wp-content\/uploads\/2026\/03\/LUZIA-FUXE-DIA-MUNDIAL-DO-RIN.mp3\"\n\t\t\t\t\t\tdata-qtmplayer-title=\"N\u00famero de pacientes com insuficiencia renal aumenta significativmanete em Angola\"\n\t\t\t\t\t\tdata-qtmplayer-artist=\"Ant\u00f3nio Augusto\"\n\t\t\t\t\t\tdata-qtmplayer-link=\"https:\/\/rna.ao\/rna.ao\/2026\/03\/13\/numero-de-pacientes-com-insuficiencia-renal-aumenta-significativmanete-em-angola\/\"\n\t\t\t\t\t\tdata-qtmplayer-icon=\"file_download\"\n\t\t\t\t\t\tdata-qtmplayer-type=\"track\"\n\t\t\t class=\"qtmplayer-play qtmplayer-link-sec qtmplayer-play-btn\"><i class='material-icons'>play_arrow<\/i><\/span>\n\t\t<p>\n\t\t\t<span class=\"qtmplayer-tit\">N\u00famero de pacientes com insuficiencia renal aumenta significativmanete em Angola<\/span>\n\t\t\t<span class=\"qtmplayer-art\">Ant\u00f3nio Augusto<\/span>\n\t\t<\/p>\n\t<\/li>\n\t\t<\/ul>\n\t<\/div>\t\t\t\n\t\n","protected":false},"excerpt":{"rendered":"<p>O Presidente do Col\u00e9gio de Nefrologia, Jos\u00e9 Malanda, diz que o n\u00famero de pacientes submetidos \u00e0 hemodi\u00e1lise tem vindo a aumentar no Pa\u00eds, logo a \u00a0necessidade da preven\u00e7\u00e3o, diagn\u00f3stico precoce e cuidado com a sa\u00fade renal. E a nefrologista Nzuze Nfinga, apela a sociedade a \u00a0melhorar o sistema de vida. ...<\/p>\n","protected":false},"author":23,"featured_media":210351,"comment_status":"closed","ping_status":"closed","sticky":false,"template":"","format":"standard","meta":[],"categories":[141,133],"tags":[],"_links":{"self":[{"href":"https:\/\/rna.ao\/rna.ao\/wp-json\/wp\/v2\/posts\/210349"}],"collection":[{"href":"https:\/\/rna.ao\/rna.ao\/wp-json\/wp\/v2\/posts"}],"about":[{"href":"https:\/\/rna.ao\/rna.ao\/wp-json\/wp\/v2\/types\/post"}],"author":[{"embeddable":true,"href":"https:\/\/rna.ao\/rna.ao\/wp-json\/wp\/v2\/users\/23"}],"replies":[{"embeddable":true,"href":"https:\/\/rna.ao\/rna.ao\/wp-json\/wp\/v2\/comments?post=210349"}],"version-history":[{"count":3,"href":"https:\/\/rna.ao\/rna.ao\/wp-json\/wp\/v2\/posts\/210349\/revisions"}],"predecessor-version":[{"id":210355,"href":"https:\/\/rna.ao\/rna.ao\/wp-json\/wp\/v2\/posts\/210349\/revisions\/210355"}],"wp:featuredmedia":[{"embeddable":true,"href":"https:\/\/rna.ao\/rna.ao\/wp-json\/wp\/v2\/media\/210351"}],"wp:attachment":[{"href":"https:\/\/rna.ao\/rna.ao\/wp-json\/wp\/v2\/media?parent=210349"}],"wp:term":[{"taxonomy":"category","embeddable":true,"href":"https:\/\/rna.ao\/rna.ao\/wp-json\/wp\/v2\/categories?post=210349"},{"taxonomy":"post_tag","embeddable":true,"href":"https:\/\/rna.ao\/rna.ao\/wp-json\/wp\/v2\/tags?post=210349"}],"curies":[{"name":"wp","href":"https:\/\/api.w.org\/{rel}","templated":true}]}}