{"id":210342,"date":"2026-03-13T08:48:58","date_gmt":"2026-03-13T07:48:58","guid":{"rendered":"https:\/\/rna.ao\/rna.ao\/?p=210342"},"modified":"2026-03-13T08:48:58","modified_gmt":"2026-03-13T07:48:58","slug":"em-2025-mais-de-quatro-mil-pacientes-com-glaucoma-foram-assistido-no-hospital-josina-machel","status":"publish","type":"post","link":"https:\/\/rna.ao\/rna.ao\/2026\/03\/13\/em-2025-mais-de-quatro-mil-pacientes-com-glaucoma-foram-assistido-no-hospital-josina-machel\/","title":{"rendered":"Em 2025, mais de quatro mil pacientes com glaucoma foram assistido no Hospital Josina Machel"},"content":{"rendered":"<p><img loading=\"lazy\" class=\"size-full wp-image-210346 alignleft\" src=\"https:\/\/rna.ao\/rna.ao\/wp-content\/uploads\/2026\/03\/pacientes-com-glaucoma-OLHOS-VISTA.jpg\" alt=\"\" width=\"224\" height=\"225\" srcset=\"https:\/\/rna.ao\/rna.ao\/wp-content\/uploads\/2026\/03\/pacientes-com-glaucoma-OLHOS-VISTA.jpg 224w, https:\/\/rna.ao\/rna.ao\/wp-content\/uploads\/2026\/03\/pacientes-com-glaucoma-OLHOS-VISTA-150x150.jpg 150w, https:\/\/rna.ao\/rna.ao\/wp-content\/uploads\/2026\/03\/pacientes-com-glaucoma-OLHOS-VISTA-100x100.jpg 100w\" sizes=\"(max-width: 224px) 100vw, 224px\" \/>Mais de quatro mil pacientes com glaucoma, foram assistidos nos servi\u00e7os de oftalmologia do Hospital Josina Machel. O dado foi avan\u00e7ado por Cristina\u00a0 Garcia, respons\u00e1vel do Servi\u00e7o de Oftalmologia do referido hospital, durante a campanha de sensibiliza\u00e7\u00e3o sobre o Glaucoma. Clique no \u00e1udio abaixo e ou\u00e7a:<\/p>\n\t<div class=\"qtmplayer-playlist-large\">\n\t\t<ul class=\"qtmplayer-playlist\">\n\t\t\t\n\t\t\t\t\t<li class=\"qtmplayer-trackitem\">\n\t\t<img src=\"https:\/\/rna.ao\/rna.ao\/wp-content\/uploads\/2026\/03\/pacientes-com-glaucoma-100x100.jpg\" alt=\"cover\">\t\t<span \t\t\tdata-qtmplayer-cover=\"https:\/\/rna.ao\/rna.ao\/wp-content\/uploads\/2026\/03\/pacientes-com-glaucoma-370x370.jpg\"\n\t\t\t\t\t\tdata-qtmplayer-file=\"https:\/\/rna.ao\/rna.ao\/wp-content\/uploads\/2026\/03\/CRISTINA-GRACIA-.mp3\"\n\t\t\t\t\t\tdata-qtmplayer-title=\"Em 2025, mais de quatro mil pacientes com glaucoma foram assistido no Hospital Josina Machel\"\n\t\t\t\t\t\tdata-qtmplayer-artist=\"Ant\u00f3nio Augusto\"\n\t\t\t\t\t\tdata-qtmplayer-link=\"https:\/\/rna.ao\/rna.ao\/2026\/03\/13\/em-2025-mais-de-quatro-mil-pacientes-com-glaucoma-foram-assistido-no-hospital-josina-machel\/\"\n\t\t\t\t\t\tdata-qtmplayer-icon=\"file_download\"\n\t\t\t\t\t\tdata-qtmplayer-type=\"track\"\n\t\t\t class=\"qtmplayer-play qtmplayer-link-sec qtmplayer-play-btn\"><i class='material-icons'>play_arrow<\/i><\/span>\n\t\t<p>\n\t\t\t<span class=\"qtmplayer-tit\">Em 2025, mais de quatro mil pacientes com glaucoma foram assistido no Hospital Josina Machel<\/span>\n\t\t\t<span class=\"qtmplayer-art\">Ant\u00f3nio Augusto<\/span>\n\t\t<\/p>\n\t<\/li>\n\t\t<\/ul>\n\t<\/div>\t\t\t\n\t\n<p>E On\u00e9sima Pedro, defendeu maior divulga\u00e7\u00e3o, sobre a necessidade de preven\u00e7\u00e3o. Clique no \u00e1udio abaixo e ou\u00e7a:<\/p>\n\t<div class=\"qtmplayer-playlist-large\">\n\t\t<ul class=\"qtmplayer-playlist\">\n\t\t\t\n\t\t\t\t\t<li class=\"qtmplayer-trackitem\">\n\t\t<img src=\"https:\/\/rna.ao\/rna.ao\/wp-content\/uploads\/2026\/03\/pacientes-com-glaucoma-100x100.jpg\" alt=\"cover\">\t\t<span \t\t\tdata-qtmplayer-cover=\"https:\/\/rna.ao\/rna.ao\/wp-content\/uploads\/2026\/03\/pacientes-com-glaucoma-370x370.jpg\"\n\t\t\t\t\t\tdata-qtmplayer-file=\"https:\/\/rna.ao\/rna.ao\/wp-content\/uploads\/2026\/03\/HONESIMA-PEDRO-.mp3\"\n\t\t\t\t\t\tdata-qtmplayer-title=\"Em 2025, mais de quatro mil pacientes com glaucoma foram assistido no Hospital Josina Machel\"\n\t\t\t\t\t\tdata-qtmplayer-artist=\"Ant\u00f3nio Augusto\"\n\t\t\t\t\t\tdata-qtmplayer-link=\"https:\/\/rna.ao\/rna.ao\/2026\/03\/13\/em-2025-mais-de-quatro-mil-pacientes-com-glaucoma-foram-assistido-no-hospital-josina-machel\/\"\n\t\t\t\t\t\tdata-qtmplayer-icon=\"file_download\"\n\t\t\t\t\t\tdata-qtmplayer-type=\"track\"\n\t\t\t class=\"qtmplayer-play qtmplayer-link-sec qtmplayer-play-btn\"><i class='material-icons'>play_arrow<\/i><\/span>\n\t\t<p>\n\t\t\t<span class=\"qtmplayer-tit\">Em 2025, mais de quatro mil pacientes com glaucoma foram assistido no Hospital Josina Machel<\/span>\n\t\t\t<span class=\"qtmplayer-art\">Ant\u00f3nio Augusto<\/span>\n\t\t<\/p>\n\t<\/li>\n\t\t<\/ul>\n\t<\/div>\t\t\t\n\t\n<p>O glaucoma, \u00e9 uma doen\u00e7a cr\u00f4nica que danifica o nervo \u00f3ptico, frequentemente causada por press\u00e3o intraocular elevada.<\/p>\n","protected":false},"excerpt":{"rendered":"<p>Mais de quatro mil pacientes com glaucoma, foram assistidos nos servi\u00e7os de oftalmologia do Hospital Josina Machel. O dado foi avan\u00e7ado por Cristina\u00a0 Garcia, respons\u00e1vel do Servi\u00e7o de Oftalmologia do referido hospital, durante a campanha de sensibiliza\u00e7\u00e3o sobre o Glaucoma. Clique no \u00e1udio abaixo e ou\u00e7a: E On\u00e9sima Pedro, defendeu ...<\/p>\n","protected":false},"author":23,"featured_media":210347,"comment_status":"closed","ping_status":"closed","sticky":false,"template":"","format":"standard","meta":[],"categories":[125,141],"tags":[],"_links":{"self":[{"href":"https:\/\/rna.ao\/rna.ao\/wp-json\/wp\/v2\/posts\/210342"}],"collection":[{"href":"https:\/\/rna.ao\/rna.ao\/wp-json\/wp\/v2\/posts"}],"about":[{"href":"https:\/\/rna.ao\/rna.ao\/wp-json\/wp\/v2\/types\/post"}],"author":[{"embeddable":true,"href":"https:\/\/rna.ao\/rna.ao\/wp-json\/wp\/v2\/users\/23"}],"replies":[{"embeddable":true,"href":"https:\/\/rna.ao\/rna.ao\/wp-json\/wp\/v2\/comments?post=210342"}],"version-history":[{"count":1,"href":"https:\/\/rna.ao\/rna.ao\/wp-json\/wp\/v2\/posts\/210342\/revisions"}],"predecessor-version":[{"id":210348,"href":"https:\/\/rna.ao\/rna.ao\/wp-json\/wp\/v2\/posts\/210342\/revisions\/210348"}],"wp:featuredmedia":[{"embeddable":true,"href":"https:\/\/rna.ao\/rna.ao\/wp-json\/wp\/v2\/media\/210347"}],"wp:attachment":[{"href":"https:\/\/rna.ao\/rna.ao\/wp-json\/wp\/v2\/media?parent=210342"}],"wp:term":[{"taxonomy":"category","embeddable":true,"href":"https:\/\/rna.ao\/rna.ao\/wp-json\/wp\/v2\/categories?post=210342"},{"taxonomy":"post_tag","embeddable":true,"href":"https:\/\/rna.ao\/rna.ao\/wp-json\/wp\/v2\/tags?post=210342"}],"curies":[{"name":"wp","href":"https:\/\/api.w.org\/{rel}","templated":true}]}}