{"id":210332,"date":"2026-03-12T19:21:46","date_gmt":"2026-03-12T18:21:46","guid":{"rendered":"https:\/\/rna.ao\/rna.ao\/?p=210332"},"modified":"2026-03-12T19:35:59","modified_gmt":"2026-03-12T18:35:59","slug":"mpla-realiza-congresso-ordinario-de-9-a-10-de-dezembro","status":"publish","type":"post","link":"https:\/\/rna.ao\/rna.ao\/2026\/03\/12\/mpla-realiza-congresso-ordinario-de-9-a-10-de-dezembro\/","title":{"rendered":"MPLA realiza Congresso Ordin\u00e1rio nos dias 9 e 10 de Dezembro de 2026"},"content":{"rendered":"<p style=\"text-align: left;\"><img loading=\"lazy\" class=\"alignnone size-medium wp-image-210334\" src=\"https:\/\/rna.ao\/rna.ao\/wp-content\/uploads\/2026\/03\/IMG_0497-770x500.jpeg\" alt=\"\" width=\"770\" height=\"500\" srcset=\"https:\/\/rna.ao\/rna.ao\/wp-content\/uploads\/2026\/03\/IMG_0497-770x500.jpeg 770w, https:\/\/rna.ao\/rna.ao\/wp-content\/uploads\/2026\/03\/IMG_0497-768x498.jpeg 768w, https:\/\/rna.ao\/rna.ao\/wp-content\/uploads\/2026\/03\/IMG_0497.jpeg 1080w\" sizes=\"(max-width: 770px) 100vw, 770px\" \/><\/p>\n<p>O MPLA realiza, nos dias 9 e 10 de Dezembro de 2026, o Congresso Ordin\u00e1rio do partido, um dos mais importantes f\u00f3runs de reflex\u00e3o e decis\u00e3o pol\u00edtica da organiza\u00e7\u00e3o.<\/p>\n<p>A decis\u00e3o foi tomada esta quinta-feira, durante a reuni\u00e3o do Comit\u00e9 Central, orientada pelo Presidente do partido, Jo\u00e3o Louren\u00e7o.<\/p>\n<p>em Actualiza\u00e7\u00e3o&#8230;<\/p>\n","protected":false},"excerpt":{"rendered":"<p>O MPLA realiza, nos dias 9 e 10 de Dezembro de 2026, o Congresso Ordin\u00e1rio do partido, um dos mais importantes f\u00f3runs de reflex\u00e3o e decis\u00e3o pol\u00edtica da organiza\u00e7\u00e3o. A decis\u00e3o foi tomada esta quinta-feira, durante a reuni\u00e3o do Comit\u00e9 Central, orientada pelo Presidente do partido, Jo\u00e3o Louren\u00e7o. em Actualiza\u00e7\u00e3o&#8230;<\/p>\n","protected":false},"author":9,"featured_media":210335,"comment_status":"closed","ping_status":"closed","sticky":false,"template":"","format":"standard","meta":[],"categories":[142,121,163],"tags":[],"_links":{"self":[{"href":"https:\/\/rna.ao\/rna.ao\/wp-json\/wp\/v2\/posts\/210332"}],"collection":[{"href":"https:\/\/rna.ao\/rna.ao\/wp-json\/wp\/v2\/posts"}],"about":[{"href":"https:\/\/rna.ao\/rna.ao\/wp-json\/wp\/v2\/types\/post"}],"author":[{"embeddable":true,"href":"https:\/\/rna.ao\/rna.ao\/wp-json\/wp\/v2\/users\/9"}],"replies":[{"embeddable":true,"href":"https:\/\/rna.ao\/rna.ao\/wp-json\/wp\/v2\/comments?post=210332"}],"version-history":[{"count":4,"href":"https:\/\/rna.ao\/rna.ao\/wp-json\/wp\/v2\/posts\/210332\/revisions"}],"predecessor-version":[{"id":210339,"href":"https:\/\/rna.ao\/rna.ao\/wp-json\/wp\/v2\/posts\/210332\/revisions\/210339"}],"wp:featuredmedia":[{"embeddable":true,"href":"https:\/\/rna.ao\/rna.ao\/wp-json\/wp\/v2\/media\/210335"}],"wp:attachment":[{"href":"https:\/\/rna.ao\/rna.ao\/wp-json\/wp\/v2\/media?parent=210332"}],"wp:term":[{"taxonomy":"category","embeddable":true,"href":"https:\/\/rna.ao\/rna.ao\/wp-json\/wp\/v2\/categories?post=210332"},{"taxonomy":"post_tag","embeddable":true,"href":"https:\/\/rna.ao\/rna.ao\/wp-json\/wp\/v2\/tags?post=210332"}],"curies":[{"name":"wp","href":"https:\/\/api.w.org\/{rel}","templated":true}]}}