{"id":210270,"date":"2026-03-12T11:47:37","date_gmt":"2026-03-12T10:47:37","guid":{"rendered":"https:\/\/rna.ao\/rna.ao\/?p=210270"},"modified":"2026-03-12T11:47:37","modified_gmt":"2026-03-12T10:47:37","slug":"angola-fora-do-quadro-de-jogos-do-irao-e-jordania-na-primeira-data-fifa-do-ano","status":"publish","type":"post","link":"https:\/\/rna.ao\/rna.ao\/2026\/03\/12\/angola-fora-do-quadro-de-jogos-do-irao-e-jordania-na-primeira-data-fifa-do-ano\/","title":{"rendered":"Angola fora do quadro de jogos do Ir\u00e3o e Jord\u00e2nia na  primeira data FIFA do ano"},"content":{"rendered":"<p style=\"font-weight: 400;\"><em><img loading=\"lazy\" class=\"size-full wp-image-128632 alignleft\" src=\"https:\/\/rna.ao\/rna.ao\/wp-content\/uploads\/2024\/01\/Palancas-Negra-treino-1.jpg\" alt=\"\" width=\"288\" height=\"193\" \/>Angola fora do quadro de jogos do Ir\u00e3o e Jord\u00e2nia na \u00a0primeira data FIFA do ano de<\/em><em> acordo com os dados gerais dos jogos amistosos pelo mundo. Os iranianos segundo a data FIFA, defrontam a Nig\u00e9ria a 27 do corrente m\u00eas e 4 dias depois cruzam com a Costa Rica, enquanto os jordanianos testam com a Costa Rica, Su\u00e9cia e Col\u00f4mbia.\u00a0<\/em><em>Este calend\u00e1rio entra<\/em><em> em contradi\u00e7\u00e3o com o comunicado oficial da FAF que anunciou o cancelamento dos amistosos \u00a0\u00a0com Ir\u00e3o e Jord\u00e2nia no Dubai, Emiratos \u00c1rabes Unidos em virtude do agravamento do actual conflito no M\u00e9dio Oriente.\u00a0\u00a0<\/em><em>O comentador, Sheu Cahalo, analisou o comunicado da FAF. Clique no \u00e1udio abaixo e ou\u00e7a:\u00a0<\/em><\/p>\n\t<div class=\"qtmplayer-playlist-large\">\n\t\t<ul class=\"qtmplayer-playlist\">\n\t\t\t\n\t\t\t\t\t<li class=\"qtmplayer-trackitem\">\n\t\t<img src=\"https:\/\/rna.ao\/rna.ao\/wp-content\/uploads\/2025\/06\/palancas-negras-3-100x100.jpeg\" alt=\"cover\">\t\t<span \t\t\tdata-qtmplayer-cover=\"https:\/\/rna.ao\/rna.ao\/wp-content\/uploads\/2025\/06\/palancas-negras-3.jpeg\"\n\t\t\t\t\t\tdata-qtmplayer-file=\"https:\/\/rna.ao\/rna.ao\/wp-content\/uploads\/2026\/03\/P-J-1-SHEU-CAHALO-12-03-26.mp3\"\n\t\t\t\t\t\tdata-qtmplayer-title=\"Angola fora do quadro de jogos do Ir\u00e3o e Jord\u00e2nia na  primeira data FIFA do ano\"\n\t\t\t\t\t\tdata-qtmplayer-artist=\"Ant\u00f3nio Augusto\"\n\t\t\t\t\t\tdata-qtmplayer-link=\"https:\/\/rna.ao\/rna.ao\/2026\/03\/12\/angola-fora-do-quadro-de-jogos-do-irao-e-jordania-na-primeira-data-fifa-do-ano\/\"\n\t\t\t\t\t\tdata-qtmplayer-icon=\"file_download\"\n\t\t\t\t\t\tdata-qtmplayer-type=\"track\"\n\t\t\t class=\"qtmplayer-play qtmplayer-link-sec qtmplayer-play-btn\"><i class='material-icons'>play_arrow<\/i><\/span>\n\t\t<p>\n\t\t\t<span class=\"qtmplayer-tit\">Angola fora do quadro de jogos do Ir\u00e3o e Jord\u00e2nia na  primeira data FIFA do ano<\/span>\n\t\t\t<span class=\"qtmplayer-art\">Ant\u00f3nio Augusto<\/span>\n\t\t<\/p>\n\t<\/li>\n\t\t<\/ul>\n\t<\/div>\t\t\t\n\t\n<p><i>O perito do desporto rei frisou igualmente que a federa\u00e7\u00e3o angolana de futebol tem que constituir nos pr\u00f3ximos tempos uma selec\u00e7\u00e3o forte, visando os pr\u00f3ximos compromissos.\u00a0<\/i>Clique no \u00e1udio abaixo e ou\u00e7a:<\/p>\n\t<div class=\"qtmplayer-playlist-large\">\n\t\t<ul class=\"qtmplayer-playlist\">\n\t\t\t\n\t\t\t\t\t<li class=\"qtmplayer-trackitem\">\n\t\t<img src=\"https:\/\/rna.ao\/rna.ao\/wp-content\/uploads\/2025\/06\/palancas-negras-3-100x100.jpeg\" alt=\"cover\">\t\t<span \t\t\tdata-qtmplayer-cover=\"https:\/\/rna.ao\/rna.ao\/wp-content\/uploads\/2025\/06\/palancas-negras-3.jpeg\"\n\t\t\t\t\t\tdata-qtmplayer-file=\"https:\/\/rna.ao\/rna.ao\/wp-content\/uploads\/2026\/03\/P-J-2-SHEU-CAHALO-12-03-26.mp3\"\n\t\t\t\t\t\tdata-qtmplayer-title=\"Angola fora do quadro de jogos do Ir\u00e3o e Jord\u00e2nia na  primeira data FIFA do ano\"\n\t\t\t\t\t\tdata-qtmplayer-artist=\"Ant\u00f3nio Augusto\"\n\t\t\t\t\t\tdata-qtmplayer-link=\"https:\/\/rna.ao\/rna.ao\/2026\/03\/12\/angola-fora-do-quadro-de-jogos-do-irao-e-jordania-na-primeira-data-fifa-do-ano\/\"\n\t\t\t\t\t\tdata-qtmplayer-icon=\"file_download\"\n\t\t\t\t\t\tdata-qtmplayer-type=\"track\"\n\t\t\t class=\"qtmplayer-play qtmplayer-link-sec qtmplayer-play-btn\"><i class='material-icons'>play_arrow<\/i><\/span>\n\t\t<p>\n\t\t\t<span class=\"qtmplayer-tit\">Angola fora do quadro de jogos do Ir\u00e3o e Jord\u00e2nia na  primeira data FIFA do ano<\/span>\n\t\t\t<span class=\"qtmplayer-art\">Ant\u00f3nio Augusto<\/span>\n\t\t<\/p>\n\t<\/li>\n\t\t<\/ul>\n\t<\/div>\t\t\t\n\t\n<p style=\"font-weight: 400;\"><em>O \u00faltimo jogo dos Palancas Negras aconteceu no CAN 2025 em Marrocos. Na altura o 11 nacional empatou a zero diante do Egipto no dia 29 de Dezembro para a 3\u00aa e \u00faltima jornada do Grupo B. <\/em><em>Lembro que Angola foi eliminada na 1\u00aafase.<\/em><\/p>\n","protected":false},"excerpt":{"rendered":"<p>Angola fora do quadro de jogos do Ir\u00e3o e Jord\u00e2nia na \u00a0primeira data FIFA do ano de acordo com os dados gerais dos jogos amistosos pelo mundo. Os iranianos segundo a data FIFA, defrontam a Nig\u00e9ria a 27 do corrente m\u00eas e 4 dias depois cruzam com a Costa Rica, ...<\/p>\n","protected":false},"author":23,"featured_media":180476,"comment_status":"closed","ping_status":"closed","sticky":false,"template":"","format":"standard","meta":[],"categories":[145,125,164],"tags":[],"_links":{"self":[{"href":"https:\/\/rna.ao\/rna.ao\/wp-json\/wp\/v2\/posts\/210270"}],"collection":[{"href":"https:\/\/rna.ao\/rna.ao\/wp-json\/wp\/v2\/posts"}],"about":[{"href":"https:\/\/rna.ao\/rna.ao\/wp-json\/wp\/v2\/types\/post"}],"author":[{"embeddable":true,"href":"https:\/\/rna.ao\/rna.ao\/wp-json\/wp\/v2\/users\/23"}],"replies":[{"embeddable":true,"href":"https:\/\/rna.ao\/rna.ao\/wp-json\/wp\/v2\/comments?post=210270"}],"version-history":[{"count":2,"href":"https:\/\/rna.ao\/rna.ao\/wp-json\/wp\/v2\/posts\/210270\/revisions"}],"predecessor-version":[{"id":210274,"href":"https:\/\/rna.ao\/rna.ao\/wp-json\/wp\/v2\/posts\/210270\/revisions\/210274"}],"wp:featuredmedia":[{"embeddable":true,"href":"https:\/\/rna.ao\/rna.ao\/wp-json\/wp\/v2\/media\/180476"}],"wp:attachment":[{"href":"https:\/\/rna.ao\/rna.ao\/wp-json\/wp\/v2\/media?parent=210270"}],"wp:term":[{"taxonomy":"category","embeddable":true,"href":"https:\/\/rna.ao\/rna.ao\/wp-json\/wp\/v2\/categories?post=210270"},{"taxonomy":"post_tag","embeddable":true,"href":"https:\/\/rna.ao\/rna.ao\/wp-json\/wp\/v2\/tags?post=210270"}],"curies":[{"name":"wp","href":"https:\/\/api.w.org\/{rel}","templated":true}]}}