{"id":210260,"date":"2026-03-12T11:30:04","date_gmt":"2026-03-12T10:30:04","guid":{"rendered":"https:\/\/rna.ao\/rna.ao\/?p=210260"},"modified":"2026-03-12T11:30:04","modified_gmt":"2026-03-12T10:30:04","slug":"ministra-da-saude-reitera-aposta-na-reducao-de-cidadaos-que-vao-em-busca-de-cuidados-medicos-fora-do-pais","status":"publish","type":"post","link":"https:\/\/rna.ao\/rna.ao\/2026\/03\/12\/ministra-da-saude-reitera-aposta-na-reducao-de-cidadaos-que-vao-em-busca-de-cuidados-medicos-fora-do-pais\/","title":{"rendered":"Ministra da Sa\u00fade reitera aposta na redu\u00e7\u00e3o de cidad\u00e3os que v\u00e3o em busca de cuidados m\u00e9dicos fora do pa\u00eds"},"content":{"rendered":"<p><img loading=\"lazy\" class=\"wp-image-210264 aligncenter\" src=\"https:\/\/rna.ao\/rna.ao\/wp-content\/uploads\/2026\/03\/Ministra-da-Saude-de-Angola-Dra.-Silvia-Paula-Valentim-Lutucuta-2-770x356.jpg\" alt=\"\" width=\"411\" height=\"190\" srcset=\"https:\/\/rna.ao\/rna.ao\/wp-content\/uploads\/2026\/03\/Ministra-da-Saude-de-Angola-Dra.-Silvia-Paula-Valentim-Lutucuta-2-770x356.jpg 770w, https:\/\/rna.ao\/rna.ao\/wp-content\/uploads\/2026\/03\/Ministra-da-Saude-de-Angola-Dra.-Silvia-Paula-Valentim-Lutucuta-2-1170x540.jpg 1170w, https:\/\/rna.ao\/rna.ao\/wp-content\/uploads\/2026\/03\/Ministra-da-Saude-de-Angola-Dra.-Silvia-Paula-Valentim-Lutucuta-2-768x355.jpg 768w, https:\/\/rna.ao\/rna.ao\/wp-content\/uploads\/2026\/03\/Ministra-da-Saude-de-Angola-Dra.-Silvia-Paula-Valentim-Lutucuta-2.jpg 1280w\" sizes=\"(max-width: 411px) 100vw, 411px\" \/>A Ministra da Sa\u00fade, S\u00edlvia Lutucuta, reitera a aposta do governo na redu\u00e7\u00e3o de cidad\u00e3os que v\u00e3o em busca de cuidados m\u00e9dicos fora do pa\u00eds. Segundo S\u00edlvia Lutucuta, a medida passa pela aposta na forma\u00e7\u00e3o especializada de mais profissionais. Clique no \u00e1udio abaixo e ou\u00e7a:<\/p>\n\t<div class=\"qtmplayer-playlist-large\">\n\t\t<ul class=\"qtmplayer-playlist\">\n\t\t\t\n\t\t\t\t\t<li class=\"qtmplayer-trackitem\">\n\t\t<img src=\"https:\/\/rna.ao\/rna.ao\/wp-content\/uploads\/2026\/03\/Ministra-da-Saude-de-Angola-Dra.-Silvia-Paula-Valentim-Lutucuta-100x100.jpg\" alt=\"cover\">\t\t<span \t\t\tdata-qtmplayer-cover=\"https:\/\/rna.ao\/rna.ao\/wp-content\/uploads\/2026\/03\/Ministra-da-Saude-de-Angola-Dra.-Silvia-Paula-Valentim-Lutucuta-370x370.jpg\"\n\t\t\t\t\t\tdata-qtmplayer-file=\"https:\/\/rna.ao\/rna.ao\/wp-content\/uploads\/2026\/03\/SILVIA-LUTUKUTA-03HRS-E-05HRS.mp3\"\n\t\t\t\t\t\tdata-qtmplayer-title=\"Ministra da Sa\u00fade reitera aposta na redu\u00e7\u00e3o de cidad\u00e3os que v\u00e3o em busca de cuidados m\u00e9dicos fora do pa\u00eds\"\n\t\t\t\t\t\tdata-qtmplayer-artist=\"Ant\u00f3nio Augusto\"\n\t\t\t\t\t\tdata-qtmplayer-link=\"https:\/\/rna.ao\/rna.ao\/2026\/03\/12\/ministra-da-saude-reitera-aposta-na-reducao-de-cidadaos-que-vao-em-busca-de-cuidados-medicos-fora-do-pais\/\"\n\t\t\t\t\t\tdata-qtmplayer-icon=\"file_download\"\n\t\t\t\t\t\tdata-qtmplayer-type=\"track\"\n\t\t\t class=\"qtmplayer-play qtmplayer-link-sec qtmplayer-play-btn\"><i class='material-icons'>play_arrow<\/i><\/span>\n\t\t<p>\n\t\t\t<span class=\"qtmplayer-tit\">Ministra da Sa\u00fade reitera aposta na redu\u00e7\u00e3o de cidad\u00e3os que v\u00e3o em busca de cuidados m\u00e9dicos fora do pa\u00eds<\/span>\n\t\t\t<span class=\"qtmplayer-art\">Ant\u00f3nio Augusto<\/span>\n\t\t<\/p>\n\t<\/li>\n\t\t<\/ul>\n\t<\/div>\t\t\t\n\t\n","protected":false},"excerpt":{"rendered":"<p>A Ministra da Sa\u00fade, S\u00edlvia Lutucuta, reitera a aposta do governo na redu\u00e7\u00e3o de cidad\u00e3os que v\u00e3o em busca de cuidados m\u00e9dicos fora do pa\u00eds. Segundo S\u00edlvia Lutucuta, a medida passa pela aposta na forma\u00e7\u00e3o especializada de mais profissionais. Clique no \u00e1udio abaixo e ou\u00e7a:<\/p>\n","protected":false},"author":23,"featured_media":210265,"comment_status":"closed","ping_status":"closed","sticky":false,"template":"","format":"standard","meta":[],"categories":[121,163],"tags":[],"_links":{"self":[{"href":"https:\/\/rna.ao\/rna.ao\/wp-json\/wp\/v2\/posts\/210260"}],"collection":[{"href":"https:\/\/rna.ao\/rna.ao\/wp-json\/wp\/v2\/posts"}],"about":[{"href":"https:\/\/rna.ao\/rna.ao\/wp-json\/wp\/v2\/types\/post"}],"author":[{"embeddable":true,"href":"https:\/\/rna.ao\/rna.ao\/wp-json\/wp\/v2\/users\/23"}],"replies":[{"embeddable":true,"href":"https:\/\/rna.ao\/rna.ao\/wp-json\/wp\/v2\/comments?post=210260"}],"version-history":[{"count":1,"href":"https:\/\/rna.ao\/rna.ao\/wp-json\/wp\/v2\/posts\/210260\/revisions"}],"predecessor-version":[{"id":210266,"href":"https:\/\/rna.ao\/rna.ao\/wp-json\/wp\/v2\/posts\/210260\/revisions\/210266"}],"wp:featuredmedia":[{"embeddable":true,"href":"https:\/\/rna.ao\/rna.ao\/wp-json\/wp\/v2\/media\/210265"}],"wp:attachment":[{"href":"https:\/\/rna.ao\/rna.ao\/wp-json\/wp\/v2\/media?parent=210260"}],"wp:term":[{"taxonomy":"category","embeddable":true,"href":"https:\/\/rna.ao\/rna.ao\/wp-json\/wp\/v2\/categories?post=210260"},{"taxonomy":"post_tag","embeddable":true,"href":"https:\/\/rna.ao\/rna.ao\/wp-json\/wp\/v2\/tags?post=210260"}],"curies":[{"name":"wp","href":"https:\/\/api.w.org\/{rel}","templated":true}]}}