{"id":210241,"date":"2026-03-12T10:52:39","date_gmt":"2026-03-12T09:52:39","guid":{"rendered":"https:\/\/rna.ao\/rna.ao\/?p=210241"},"modified":"2026-03-12T10:52:39","modified_gmt":"2026-03-12T09:52:39","slug":"trump-vai-usar-a-reserva-estrategica-de-petroleo-para-reduzir-precos","status":"publish","type":"post","link":"https:\/\/rna.ao\/rna.ao\/2026\/03\/12\/trump-vai-usar-a-reserva-estrategica-de-petroleo-para-reduzir-precos\/","title":{"rendered":"Trump vai usar a reserva estrat\u00e9gica de petr\u00f3leo para reduzir pre\u00e7os"},"content":{"rendered":"<p><img loading=\"lazy\" class=\"wp-image-204770 alignleft\" src=\"https:\/\/rna.ao\/rna.ao\/wp-content\/uploads\/2026\/01\/Senado-norte-americano-chumba-e-trumpp.png\" alt=\"\" width=\"391\" height=\"235\" \/>O Presidente norte-americano anunciou nesta quarta \u2013 feira que a sua administra\u00e7\u00e3o vai utilizar a reserva estrat\u00e9gica de petr\u00f3leo do pa\u00eds para tentar reduzir os pre\u00e7os da gasolina, que subiram devido \u00e0 guerra com o Ir\u00e3o. Durante uma entrevista \u00e0 uma emissora, Trump foi questionado sobre o uso da reserva e respondeu: vamos faz\u00ea-lo e depois voltamos a ench\u00ea-la, sem especificar quantos barris de petr\u00f3leo os EUA v\u00e3o libertar.<\/p>\n<p>Recorde-se que Trump criticou frequentemente a administra\u00e7\u00e3o de Joe Biden por utilizar a reserva para tentar reduzir os pre\u00e7os da gasolina. O republicano garantiu tamb\u00e9m hoje que as consequ\u00eancias econ\u00f3micas do conflito no Ir\u00e3o, com a forte flutua\u00e7\u00e3o dos pre\u00e7os do petr\u00f3leo, n\u00e3o v\u00e3o durar muito tempo e assegurou que os mercados foram menos afectados do que tinha previsto.<\/p>\n","protected":false},"excerpt":{"rendered":"<p>O Presidente norte-americano anunciou nesta quarta \u2013 feira que a sua administra\u00e7\u00e3o vai utilizar a reserva estrat\u00e9gica de petr\u00f3leo do pa\u00eds para tentar reduzir os pre\u00e7os da gasolina, que subiram devido \u00e0 guerra com o Ir\u00e3o. Durante uma entrevista \u00e0 uma emissora, Trump foi questionado sobre o uso da reserva ...<\/p>\n","protected":false},"author":23,"featured_media":17754,"comment_status":"closed","ping_status":"closed","sticky":false,"template":"","format":"standard","meta":[],"categories":[143,137],"tags":[],"_links":{"self":[{"href":"https:\/\/rna.ao\/rna.ao\/wp-json\/wp\/v2\/posts\/210241"}],"collection":[{"href":"https:\/\/rna.ao\/rna.ao\/wp-json\/wp\/v2\/posts"}],"about":[{"href":"https:\/\/rna.ao\/rna.ao\/wp-json\/wp\/v2\/types\/post"}],"author":[{"embeddable":true,"href":"https:\/\/rna.ao\/rna.ao\/wp-json\/wp\/v2\/users\/23"}],"replies":[{"embeddable":true,"href":"https:\/\/rna.ao\/rna.ao\/wp-json\/wp\/v2\/comments?post=210241"}],"version-history":[{"count":1,"href":"https:\/\/rna.ao\/rna.ao\/wp-json\/wp\/v2\/posts\/210241\/revisions"}],"predecessor-version":[{"id":210242,"href":"https:\/\/rna.ao\/rna.ao\/wp-json\/wp\/v2\/posts\/210241\/revisions\/210242"}],"wp:featuredmedia":[{"embeddable":true,"href":"https:\/\/rna.ao\/rna.ao\/wp-json\/wp\/v2\/media\/17754"}],"wp:attachment":[{"href":"https:\/\/rna.ao\/rna.ao\/wp-json\/wp\/v2\/media?parent=210241"}],"wp:term":[{"taxonomy":"category","embeddable":true,"href":"https:\/\/rna.ao\/rna.ao\/wp-json\/wp\/v2\/categories?post=210241"},{"taxonomy":"post_tag","embeddable":true,"href":"https:\/\/rna.ao\/rna.ao\/wp-json\/wp\/v2\/tags?post=210241"}],"curies":[{"name":"wp","href":"https:\/\/api.w.org\/{rel}","templated":true}]}}