{"id":210229,"date":"2026-03-12T10:31:11","date_gmt":"2026-03-12T09:31:11","guid":{"rendered":"https:\/\/rna.ao\/rna.ao\/?p=210229"},"modified":"2026-03-12T10:31:11","modified_gmt":"2026-03-12T09:31:11","slug":"minamb-estuda-mecanismos-para-instalacao-de-sistemas-de-alerta-de-fenomenos-ambientais-em-todo-o-pais","status":"publish","type":"post","link":"https:\/\/rna.ao\/rna.ao\/2026\/03\/12\/minamb-estuda-mecanismos-para-instalacao-de-sistemas-de-alerta-de-fenomenos-ambientais-em-todo-o-pais\/","title":{"rendered":"MINAMB estuda mecanismos para instala\u00e7\u00e3o de sistemas de alerta de fen\u00f3menos ambientais em todo o pa\u00eds"},"content":{"rendered":"<p><img loading=\"lazy\" class=\"size-full wp-image-147761 alignleft\" src=\"https:\/\/rna.ao\/rna.ao\/wp-content\/uploads\/2024\/07\/POLUICAO-AMBIENTAL.jpg\" alt=\"\" width=\"313\" height=\"209\" \/>O Minist\u00e9rio do ambiente pretende instalar em todo o pa\u00eds sistemas de alerta. O objectivo \u00e9 que a popula\u00e7\u00e3o saiba de forma antecipada sobre a ocorr\u00eancia de v\u00e1rios fen\u00f3menos ambientais. Clique no \u00e1udio abaixo para obter mais informa\u00e7\u00e3o com o jornalista \u00d3scar Augusto:<\/p>\n\t<div class=\"qtmplayer-playlist-large\">\n\t\t<ul class=\"qtmplayer-playlist\">\n\t\t\t\n\t\t\t\t\t<li class=\"qtmplayer-trackitem\">\n\t\t<img src=\"https:\/\/rna.ao\/rna.ao\/wp-content\/uploads\/2024\/05\/LEGISLACAO-E-POLITICAS-PUBLICAS-RELATIVAS-AO-MEIO-AMBIENTE-2-100x100.jpg\" alt=\"cover\">\t\t<span \t\t\tdata-qtmplayer-cover=\"https:\/\/rna.ao\/rna.ao\/wp-content\/uploads\/2024\/05\/LEGISLACAO-E-POLITICAS-PUBLICAS-RELATIVAS-AO-MEIO-AMBIENTE-2-370x370.jpg\"\n\t\t\t\t\t\tdata-qtmplayer-file=\"https:\/\/rna.ao\/rna.ao\/wp-content\/uploads\/2026\/03\/BENGUELA-AMBIENTE-07HRS.mp3\"\n\t\t\t\t\t\tdata-qtmplayer-title=\"MINAMB estuda mecanismos para instala\u00e7\u00e3o de sistemas de alerta de fen\u00f3menos ambientais em todo o pa\u00eds\"\n\t\t\t\t\t\tdata-qtmplayer-artist=\"Ant\u00f3nio Augusto\"\n\t\t\t\t\t\tdata-qtmplayer-link=\"https:\/\/rna.ao\/rna.ao\/2026\/03\/12\/minamb-estuda-mecanismos-para-instalacao-de-sistemas-de-alerta-de-fenomenos-ambientais-em-todo-o-pais\/\"\n\t\t\t\t\t\tdata-qtmplayer-icon=\"file_download\"\n\t\t\t\t\t\tdata-qtmplayer-type=\"track\"\n\t\t\t class=\"qtmplayer-play qtmplayer-link-sec qtmplayer-play-btn\"><i class='material-icons'>play_arrow<\/i><\/span>\n\t\t<p>\n\t\t\t<span class=\"qtmplayer-tit\">MINAMB estuda mecanismos para instala\u00e7\u00e3o de sistemas de alerta de fen\u00f3menos ambientais em todo o pa\u00eds<\/span>\n\t\t\t<span class=\"qtmplayer-art\">Ant\u00f3nio Augusto<\/span>\n\t\t<\/p>\n\t<\/li>\n\t\t<\/ul>\n\t<\/div>\t\t\t\n\t\n","protected":false},"excerpt":{"rendered":"<p>O Minist\u00e9rio do ambiente pretende instalar em todo o pa\u00eds sistemas de alerta. O objectivo \u00e9 que a popula\u00e7\u00e3o saiba de forma antecipada sobre a ocorr\u00eancia de v\u00e1rios fen\u00f3menos ambientais. Clique no \u00e1udio abaixo para obter mais informa\u00e7\u00e3o com o jornalista \u00d3scar Augusto:<\/p>\n","protected":false},"author":23,"featured_media":141085,"comment_status":"closed","ping_status":"closed","sticky":false,"template":"","format":"standard","meta":[],"categories":[121,163],"tags":[],"_links":{"self":[{"href":"https:\/\/rna.ao\/rna.ao\/wp-json\/wp\/v2\/posts\/210229"}],"collection":[{"href":"https:\/\/rna.ao\/rna.ao\/wp-json\/wp\/v2\/posts"}],"about":[{"href":"https:\/\/rna.ao\/rna.ao\/wp-json\/wp\/v2\/types\/post"}],"author":[{"embeddable":true,"href":"https:\/\/rna.ao\/rna.ao\/wp-json\/wp\/v2\/users\/23"}],"replies":[{"embeddable":true,"href":"https:\/\/rna.ao\/rna.ao\/wp-json\/wp\/v2\/comments?post=210229"}],"version-history":[{"count":1,"href":"https:\/\/rna.ao\/rna.ao\/wp-json\/wp\/v2\/posts\/210229\/revisions"}],"predecessor-version":[{"id":210231,"href":"https:\/\/rna.ao\/rna.ao\/wp-json\/wp\/v2\/posts\/210229\/revisions\/210231"}],"wp:featuredmedia":[{"embeddable":true,"href":"https:\/\/rna.ao\/rna.ao\/wp-json\/wp\/v2\/media\/141085"}],"wp:attachment":[{"href":"https:\/\/rna.ao\/rna.ao\/wp-json\/wp\/v2\/media?parent=210229"}],"wp:term":[{"taxonomy":"category","embeddable":true,"href":"https:\/\/rna.ao\/rna.ao\/wp-json\/wp\/v2\/categories?post=210229"},{"taxonomy":"post_tag","embeddable":true,"href":"https:\/\/rna.ao\/rna.ao\/wp-json\/wp\/v2\/tags?post=210229"}],"curies":[{"name":"wp","href":"https:\/\/api.w.org\/{rel}","templated":true}]}}