{"id":210226,"date":"2026-03-12T10:26:41","date_gmt":"2026-03-12T09:26:41","guid":{"rendered":"https:\/\/rna.ao\/rna.ao\/?p=210226"},"modified":"2026-03-12T10:26:41","modified_gmt":"2026-03-12T09:26:41","slug":"autoridades-em-malanje-preocupados-com-o-aumento-do-numero-de-doentes-renais-cronicos","status":"publish","type":"post","link":"https:\/\/rna.ao\/rna.ao\/2026\/03\/12\/autoridades-em-malanje-preocupados-com-o-aumento-do-numero-de-doentes-renais-cronicos\/","title":{"rendered":"Autoridades em Malanje preocupados com o aumento do n\u00famero de doentes renais cr\u00f3nicos"},"content":{"rendered":"<p><img loading=\"lazy\" class=\"size-full wp-image-134724 aligncenter\" src=\"https:\/\/rna.ao\/rna.ao\/wp-content\/uploads\/2024\/03\/insuficiencia-renal-cronica.jpg\" alt=\"\" width=\"405\" height=\"218\" \/><\/p>\n<p>O n\u00famero de pacientes com doen\u00e7a renal cr\u00f3nica est\u00e1 a aumentar significativamente na prov\u00edncia de Malanje. A situa\u00e7\u00e3o preocupa as autoridades sanit\u00e1rias locais, que alertam a popula\u00e7\u00e3o para a import\u00e2ncia da preven\u00e7\u00e3o.\u00a0Ou\u00e7a o desenvolvimento desta mat\u00e9ria na voz do jornalista Custodio Fernando clicando no \u00e1udio abaixo:<\/p>\n\t<div class=\"qtmplayer-playlist-large\">\n\t\t<ul class=\"qtmplayer-playlist\">\n\t\t\t\n\t\t\t\t\t<li class=\"qtmplayer-trackitem\">\n\t\t<img src=\"https:\/\/rna.ao\/rna.ao\/wp-content\/uploads\/2024\/03\/insuficiencia-renal-cronica-100x100.jpg\" alt=\"cover\">\t\t<span \t\t\tdata-qtmplayer-cover=\"https:\/\/rna.ao\/rna.ao\/wp-content\/uploads\/2024\/03\/insuficiencia-renal-cronica.jpg\"\n\t\t\t\t\t\tdata-qtmplayer-file=\"https:\/\/rna.ao\/rna.ao\/wp-content\/uploads\/2026\/03\/MALANJE-DIA-RIN-07HRS.mp3\"\n\t\t\t\t\t\tdata-qtmplayer-title=\"Autoridades em Malanje preocupados com o aumento do n\u00famero de doentes renais cr\u00f3nicos\"\n\t\t\t\t\t\tdata-qtmplayer-artist=\"Ant\u00f3nio Augusto\"\n\t\t\t\t\t\tdata-qtmplayer-link=\"https:\/\/rna.ao\/rna.ao\/2026\/03\/12\/autoridades-em-malanje-preocupados-com-o-aumento-do-numero-de-doentes-renais-cronicos\/\"\n\t\t\t\t\t\tdata-qtmplayer-icon=\"file_download\"\n\t\t\t\t\t\tdata-qtmplayer-type=\"track\"\n\t\t\t class=\"qtmplayer-play qtmplayer-link-sec qtmplayer-play-btn\"><i class='material-icons'>play_arrow<\/i><\/span>\n\t\t<p>\n\t\t\t<span class=\"qtmplayer-tit\">Autoridades em Malanje preocupados com o aumento do n\u00famero de doentes renais cr\u00f3nicos<\/span>\n\t\t\t<span class=\"qtmplayer-art\">Ant\u00f3nio Augusto<\/span>\n\t\t<\/p>\n\t<\/li>\n\t\t<\/ul>\n\t<\/div>\t\t\t\n\t\n","protected":false},"excerpt":{"rendered":"<p>O n\u00famero de pacientes com doen\u00e7a renal cr\u00f3nica est\u00e1 a aumentar significativamente na prov\u00edncia de Malanje. A situa\u00e7\u00e3o preocupa as autoridades sanit\u00e1rias locais, que alertam a popula\u00e7\u00e3o para a import\u00e2ncia da preven\u00e7\u00e3o.\u00a0Ou\u00e7a o desenvolvimento desta mat\u00e9ria na voz do jornalista Custodio Fernando clicando no \u00e1udio abaixo:<\/p>\n","protected":false},"author":23,"featured_media":134724,"comment_status":"closed","ping_status":"closed","sticky":false,"template":"","format":"standard","meta":[],"categories":[121,163],"tags":[],"_links":{"self":[{"href":"https:\/\/rna.ao\/rna.ao\/wp-json\/wp\/v2\/posts\/210226"}],"collection":[{"href":"https:\/\/rna.ao\/rna.ao\/wp-json\/wp\/v2\/posts"}],"about":[{"href":"https:\/\/rna.ao\/rna.ao\/wp-json\/wp\/v2\/types\/post"}],"author":[{"embeddable":true,"href":"https:\/\/rna.ao\/rna.ao\/wp-json\/wp\/v2\/users\/23"}],"replies":[{"embeddable":true,"href":"https:\/\/rna.ao\/rna.ao\/wp-json\/wp\/v2\/comments?post=210226"}],"version-history":[{"count":1,"href":"https:\/\/rna.ao\/rna.ao\/wp-json\/wp\/v2\/posts\/210226\/revisions"}],"predecessor-version":[{"id":210228,"href":"https:\/\/rna.ao\/rna.ao\/wp-json\/wp\/v2\/posts\/210226\/revisions\/210228"}],"wp:featuredmedia":[{"embeddable":true,"href":"https:\/\/rna.ao\/rna.ao\/wp-json\/wp\/v2\/media\/134724"}],"wp:attachment":[{"href":"https:\/\/rna.ao\/rna.ao\/wp-json\/wp\/v2\/media?parent=210226"}],"wp:term":[{"taxonomy":"category","embeddable":true,"href":"https:\/\/rna.ao\/rna.ao\/wp-json\/wp\/v2\/categories?post=210226"},{"taxonomy":"post_tag","embeddable":true,"href":"https:\/\/rna.ao\/rna.ao\/wp-json\/wp\/v2\/tags?post=210226"}],"curies":[{"name":"wp","href":"https:\/\/api.w.org\/{rel}","templated":true}]}}