{"id":210223,"date":"2026-03-12T10:18:21","date_gmt":"2026-03-12T09:18:21","guid":{"rendered":"https:\/\/rna.ao\/rna.ao\/?p=210223"},"modified":"2026-03-12T10:18:21","modified_gmt":"2026-03-12T09:18:21","slug":"exiguidade-de-instalacoes-e-magistrados-nas-provincias-de-malanje-uige-e-cuanza-norte-preocupa-autoridades-judiciais-da-regiao","status":"publish","type":"post","link":"https:\/\/rna.ao\/rna.ao\/2026\/03\/12\/exiguidade-de-instalacoes-e-magistrados-nas-provincias-de-malanje-uige-e-cuanza-norte-preocupa-autoridades-judiciais-da-regiao\/","title":{"rendered":"Exiguidade de instala\u00e7\u00f5es e magistrados nas prov\u00edncias de Malanje, U\u00edge e Cuanza Norte preocupa autoridades judiciais da regi\u00e3o"},"content":{"rendered":"<p><img loading=\"lazy\" class=\"wp-image-192088 aligncenter\" src=\"https:\/\/rna.ao\/rna.ao\/wp-content\/uploads\/2025\/09\/IMG_9166.jpeg\" alt=\"\" width=\"337\" height=\"193\" \/>O Coordenador da Regi\u00e3o Judici\u00e1ria Norte, subprocurador da Rep\u00fablica, Astragildo Culolo, manifestou, ontem, quarta-feira(12), preocupa\u00e7\u00e3o pelo reduzido n\u00famero de instala\u00e7\u00f5es e magistrados nas prov\u00edncias que comp\u00f5em a regi\u00e3o. Os crimes contra a propriedade constituem outra preocupa\u00e7\u00e3o na regi\u00e3o, segundo o magistrado que se encontra na prov\u00edncia do Cuanza Norte, para uma visita de constata\u00e7\u00e3o. Clique no \u00e1udio abaixo e saiba mais com o jornalista Daniel Ant\u00f3nio:<\/p>\n\t<div class=\"qtmplayer-playlist-large\">\n\t\t<ul class=\"qtmplayer-playlist\">\n\t\t\t\n\t\t\t\t\t<li class=\"qtmplayer-trackitem\">\n\t\t<img src=\"https:\/\/rna.ao\/rna.ao\/wp-content\/uploads\/2024\/11\/IMG_7831-100x100.jpeg\" alt=\"cover\">\t\t<span \t\t\tdata-qtmplayer-cover=\"https:\/\/rna.ao\/rna.ao\/wp-content\/uploads\/2024\/11\/IMG_7831-370x370.jpeg\"\n\t\t\t\t\t\tdata-qtmplayer-file=\"https:\/\/rna.ao\/rna.ao\/wp-content\/uploads\/2026\/03\/CUANZA-NORTE-TRIBUNAIS-23HRS.mp3\"\n\t\t\t\t\t\tdata-qtmplayer-title=\"Exiguidade de instala\u00e7\u00f5es e magistrados nas prov\u00edncias de Malanje, U\u00edge e Cuanza Norte preocupa autoridades judiciais da regi\u00e3o\"\n\t\t\t\t\t\tdata-qtmplayer-artist=\"Ant\u00f3nio Augusto\"\n\t\t\t\t\t\tdata-qtmplayer-link=\"https:\/\/rna.ao\/rna.ao\/2026\/03\/12\/exiguidade-de-instalacoes-e-magistrados-nas-provincias-de-malanje-uige-e-cuanza-norte-preocupa-autoridades-judiciais-da-regiao\/\"\n\t\t\t\t\t\tdata-qtmplayer-icon=\"file_download\"\n\t\t\t\t\t\tdata-qtmplayer-type=\"track\"\n\t\t\t class=\"qtmplayer-play qtmplayer-link-sec qtmplayer-play-btn\"><i class='material-icons'>play_arrow<\/i><\/span>\n\t\t<p>\n\t\t\t<span class=\"qtmplayer-tit\">Exiguidade de instala\u00e7\u00f5es e magistrados nas prov\u00edncias de Malanje, U\u00edge e Cuanza Norte preocupa autoridades judiciais da regi\u00e3o<\/span>\n\t\t\t<span class=\"qtmplayer-art\">Ant\u00f3nio Augusto<\/span>\n\t\t<\/p>\n\t<\/li>\n\t\t<\/ul>\n\t<\/div>\t\t\t\n\t\n","protected":false},"excerpt":{"rendered":"<p>O Coordenador da Regi\u00e3o Judici\u00e1ria Norte, subprocurador da Rep\u00fablica, Astragildo Culolo, manifestou, ontem, quarta-feira(12), preocupa\u00e7\u00e3o pelo reduzido n\u00famero de instala\u00e7\u00f5es e magistrados nas prov\u00edncias que comp\u00f5em a regi\u00e3o. Os crimes contra a propriedade constituem outra preocupa\u00e7\u00e3o na regi\u00e3o, segundo o magistrado que se encontra na prov\u00edncia do Cuanza Norte, para ...<\/p>\n","protected":false},"author":23,"featured_media":160316,"comment_status":"closed","ping_status":"closed","sticky":false,"template":"","format":"standard","meta":[],"categories":[142,121,163],"tags":[],"_links":{"self":[{"href":"https:\/\/rna.ao\/rna.ao\/wp-json\/wp\/v2\/posts\/210223"}],"collection":[{"href":"https:\/\/rna.ao\/rna.ao\/wp-json\/wp\/v2\/posts"}],"about":[{"href":"https:\/\/rna.ao\/rna.ao\/wp-json\/wp\/v2\/types\/post"}],"author":[{"embeddable":true,"href":"https:\/\/rna.ao\/rna.ao\/wp-json\/wp\/v2\/users\/23"}],"replies":[{"embeddable":true,"href":"https:\/\/rna.ao\/rna.ao\/wp-json\/wp\/v2\/comments?post=210223"}],"version-history":[{"count":1,"href":"https:\/\/rna.ao\/rna.ao\/wp-json\/wp\/v2\/posts\/210223\/revisions"}],"predecessor-version":[{"id":210225,"href":"https:\/\/rna.ao\/rna.ao\/wp-json\/wp\/v2\/posts\/210223\/revisions\/210225"}],"wp:featuredmedia":[{"embeddable":true,"href":"https:\/\/rna.ao\/rna.ao\/wp-json\/wp\/v2\/media\/160316"}],"wp:attachment":[{"href":"https:\/\/rna.ao\/rna.ao\/wp-json\/wp\/v2\/media?parent=210223"}],"wp:term":[{"taxonomy":"category","embeddable":true,"href":"https:\/\/rna.ao\/rna.ao\/wp-json\/wp\/v2\/categories?post=210223"},{"taxonomy":"post_tag","embeddable":true,"href":"https:\/\/rna.ao\/rna.ao\/wp-json\/wp\/v2\/tags?post=210223"}],"curies":[{"name":"wp","href":"https:\/\/api.w.org\/{rel}","templated":true}]}}