{"id":210218,"date":"2026-03-12T10:10:22","date_gmt":"2026-03-12T09:10:22","guid":{"rendered":"https:\/\/rna.ao\/rna.ao\/?p=210218"},"modified":"2026-03-12T10:10:22","modified_gmt":"2026-03-12T09:10:22","slug":"hospital-geral-do-huambo-realiza-cirurgias-a-criancas-com-hidrocefalia","status":"publish","type":"post","link":"https:\/\/rna.ao\/rna.ao\/2026\/03\/12\/hospital-geral-do-huambo-realiza-cirurgias-a-criancas-com-hidrocefalia\/","title":{"rendered":"Hospital Geral do Huambo realiza cirurgias a crian\u00e7as com hidrocefalia"},"content":{"rendered":"<p><img loading=\"lazy\" class=\"wp-image-210221 aligncenter\" src=\"https:\/\/rna.ao\/rna.ao\/wp-content\/uploads\/2026\/03\/criancas-de-hidrocefalia-ANGOLA-770x397.jpg\" alt=\"\" width=\"372\" height=\"192\" srcset=\"https:\/\/rna.ao\/rna.ao\/wp-content\/uploads\/2026\/03\/criancas-de-hidrocefalia-ANGOLA-770x397.jpg 770w, https:\/\/rna.ao\/rna.ao\/wp-content\/uploads\/2026\/03\/criancas-de-hidrocefalia-ANGOLA-768x396.jpg 768w, https:\/\/rna.ao\/rna.ao\/wp-content\/uploads\/2026\/03\/criancas-de-hidrocefalia-ANGOLA.jpg 901w\" sizes=\"(max-width: 372px) 100vw, 372px\" \/>O Hospital Geral do Huambo, est\u00e1 a levar a cabo uma campanha de cirurgias a crian\u00e7as dos zero aos 14 anos, que sofrem de hidrocefalia. A campanha inclui tamb\u00e9m servi\u00e7os de avalia\u00e7\u00e3o cl\u00ednica e consultas de diagn\u00f3sticos. Clique no \u00e1udio abaixo para obter mais informa\u00e7\u00e3o com o jornalista Francelino Pedro:<\/p>\n\t<div class=\"qtmplayer-playlist-large\">\n\t\t<ul class=\"qtmplayer-playlist\">\n\t\t\t\n\t\t\t\t\t<li class=\"qtmplayer-trackitem\">\n\t\t<img src=\"https:\/\/rna.ao\/rna.ao\/wp-content\/uploads\/2026\/03\/criancas-de-hidrocefalia-ANGOLA-100x100.jpg\" alt=\"cover\">\t\t<span \t\t\tdata-qtmplayer-cover=\"https:\/\/rna.ao\/rna.ao\/wp-content\/uploads\/2026\/03\/criancas-de-hidrocefalia-ANGOLA-370x370.jpg\"\n\t\t\t\t\t\tdata-qtmplayer-file=\"https:\/\/rna.ao\/rna.ao\/wp-content\/uploads\/2026\/03\/HUAMBO-CIRURGIAS-DE-HIDROCEFALIAS-07HRS.mp3\"\n\t\t\t\t\t\tdata-qtmplayer-title=\"Hospital Geral do Huambo realiza cirurgias a crian\u00e7as com hidrocefalia\"\n\t\t\t\t\t\tdata-qtmplayer-artist=\"Ant\u00f3nio Augusto\"\n\t\t\t\t\t\tdata-qtmplayer-link=\"https:\/\/rna.ao\/rna.ao\/2026\/03\/12\/hospital-geral-do-huambo-realiza-cirurgias-a-criancas-com-hidrocefalia\/\"\n\t\t\t\t\t\tdata-qtmplayer-icon=\"file_download\"\n\t\t\t\t\t\tdata-qtmplayer-type=\"track\"\n\t\t\t class=\"qtmplayer-play qtmplayer-link-sec qtmplayer-play-btn\"><i class='material-icons'>play_arrow<\/i><\/span>\n\t\t<p>\n\t\t\t<span class=\"qtmplayer-tit\">Hospital Geral do Huambo realiza cirurgias a crian\u00e7as com hidrocefalia<\/span>\n\t\t\t<span class=\"qtmplayer-art\">Ant\u00f3nio Augusto<\/span>\n\t\t<\/p>\n\t<\/li>\n\t\t<\/ul>\n\t<\/div>\t\t\t\n\t\n","protected":false},"excerpt":{"rendered":"<p>O Hospital Geral do Huambo, est\u00e1 a levar a cabo uma campanha de cirurgias a crian\u00e7as dos zero aos 14 anos, que sofrem de hidrocefalia. A campanha inclui tamb\u00e9m servi\u00e7os de avalia\u00e7\u00e3o cl\u00ednica e consultas de diagn\u00f3sticos. Clique no \u00e1udio abaixo para obter mais informa\u00e7\u00e3o com o jornalista Francelino Pedro:<\/p>\n","protected":false},"author":23,"featured_media":210221,"comment_status":"closed","ping_status":"closed","sticky":false,"template":"","format":"standard","meta":[],"categories":[121,163],"tags":[],"_links":{"self":[{"href":"https:\/\/rna.ao\/rna.ao\/wp-json\/wp\/v2\/posts\/210218"}],"collection":[{"href":"https:\/\/rna.ao\/rna.ao\/wp-json\/wp\/v2\/posts"}],"about":[{"href":"https:\/\/rna.ao\/rna.ao\/wp-json\/wp\/v2\/types\/post"}],"author":[{"embeddable":true,"href":"https:\/\/rna.ao\/rna.ao\/wp-json\/wp\/v2\/users\/23"}],"replies":[{"embeddable":true,"href":"https:\/\/rna.ao\/rna.ao\/wp-json\/wp\/v2\/comments?post=210218"}],"version-history":[{"count":1,"href":"https:\/\/rna.ao\/rna.ao\/wp-json\/wp\/v2\/posts\/210218\/revisions"}],"predecessor-version":[{"id":210222,"href":"https:\/\/rna.ao\/rna.ao\/wp-json\/wp\/v2\/posts\/210218\/revisions\/210222"}],"wp:featuredmedia":[{"embeddable":true,"href":"https:\/\/rna.ao\/rna.ao\/wp-json\/wp\/v2\/media\/210221"}],"wp:attachment":[{"href":"https:\/\/rna.ao\/rna.ao\/wp-json\/wp\/v2\/media?parent=210218"}],"wp:term":[{"taxonomy":"category","embeddable":true,"href":"https:\/\/rna.ao\/rna.ao\/wp-json\/wp\/v2\/categories?post=210218"},{"taxonomy":"post_tag","embeddable":true,"href":"https:\/\/rna.ao\/rna.ao\/wp-json\/wp\/v2\/tags?post=210218"}],"curies":[{"name":"wp","href":"https:\/\/api.w.org\/{rel}","templated":true}]}}