{"id":210213,"date":"2026-03-12T09:59:17","date_gmt":"2026-03-12T08:59:17","guid":{"rendered":"https:\/\/rna.ao\/rna.ao\/?p=210213"},"modified":"2026-03-12T09:59:17","modified_gmt":"2026-03-12T08:59:17","slug":"capitania-do-porto-do-soyo-reforca-apelo-aos-pescadores-artesanais-para-o-uso-de-equipamentos-de-seguranca-durante-a-navegacao","status":"publish","type":"post","link":"https:\/\/rna.ao\/rna.ao\/2026\/03\/12\/capitania-do-porto-do-soyo-reforca-apelo-aos-pescadores-artesanais-para-o-uso-de-equipamentos-de-seguranca-durante-a-navegacao\/","title":{"rendered":"Capitania do Porto do Soyo refor\u00e7a apelo aos pescadores artesanais para o uso de equipamentos de seguran\u00e7a durante a navega\u00e7\u00e3o"},"content":{"rendered":"<p><img loading=\"lazy\" class=\"wp-image-210215 alignleft\" src=\"https:\/\/rna.ao\/rna.ao\/wp-content\/uploads\/2026\/03\/Soyo-reforca-apelo-aos-pescadores-artesanais.jpg\" alt=\"\" width=\"345\" height=\"230\" \/>A Capitania de Porto do Soyo, no Zaire, refor\u00e7a o apelo aos pescadores para o uso de equipamentos de seguran\u00e7a, durante a navega\u00e7\u00e3o. Apesar do sossego que o mar regista, nos \u00faltimos tempos, as autoridades garante vigil\u00e2ncia e prometem alertar os pescadores, em caso de necessidade. Ou\u00e7a o desenvolvimento desta mat\u00e9ria na voz do jornalista Alberto Segunda clicando no \u00e1udio abaixo:<\/p>\n\t<div class=\"qtmplayer-playlist-large\">\n\t\t<ul class=\"qtmplayer-playlist\">\n\t\t\t\n\t\t\t\t\t<li class=\"qtmplayer-trackitem\">\n\t\t<img src=\"https:\/\/rna.ao\/rna.ao\/wp-content\/uploads\/2026\/03\/Soyo-reforca-apelo-aos-pescadores-artesanai-100x100.jpg\" alt=\"cover\">\t\t<span \t\t\tdata-qtmplayer-cover=\"https:\/\/rna.ao\/rna.ao\/wp-content\/uploads\/2026\/03\/Soyo-reforca-apelo-aos-pescadores-artesanai-370x370.jpg\"\n\t\t\t\t\t\tdata-qtmplayer-file=\"https:\/\/rna.ao\/rna.ao\/wp-content\/uploads\/2026\/03\/SOYO-PESCADORES-22HRS.mp3\"\n\t\t\t\t\t\tdata-qtmplayer-title=\"Capitania do Porto do Soyo refor\u00e7a apelo aos pescadores artesanais para o uso de equipamentos de seguran\u00e7a durante a navega\u00e7\u00e3o\"\n\t\t\t\t\t\tdata-qtmplayer-artist=\"Ant\u00f3nio Augusto\"\n\t\t\t\t\t\tdata-qtmplayer-link=\"https:\/\/rna.ao\/rna.ao\/2026\/03\/12\/capitania-do-porto-do-soyo-reforca-apelo-aos-pescadores-artesanais-para-o-uso-de-equipamentos-de-seguranca-durante-a-navegacao\/\"\n\t\t\t\t\t\tdata-qtmplayer-icon=\"file_download\"\n\t\t\t\t\t\tdata-qtmplayer-type=\"track\"\n\t\t\t class=\"qtmplayer-play qtmplayer-link-sec qtmplayer-play-btn\"><i class='material-icons'>play_arrow<\/i><\/span>\n\t\t<p>\n\t\t\t<span class=\"qtmplayer-tit\">Capitania do Porto do Soyo refor\u00e7a apelo aos pescadores artesanais para o uso de equipamentos de seguran\u00e7a durante a navega\u00e7\u00e3o<\/span>\n\t\t\t<span class=\"qtmplayer-art\">Ant\u00f3nio Augusto<\/span>\n\t\t<\/p>\n\t<\/li>\n\t\t<\/ul>\n\t<\/div>\t\t\t\n\t\n","protected":false},"excerpt":{"rendered":"<p>A Capitania de Porto do Soyo, no Zaire, refor\u00e7a o apelo aos pescadores para o uso de equipamentos de seguran\u00e7a, durante a navega\u00e7\u00e3o. Apesar do sossego que o mar regista, nos \u00faltimos tempos, as autoridades garante vigil\u00e2ncia e prometem alertar os pescadores, em caso de necessidade. Ou\u00e7a o desenvolvimento desta ...<\/p>\n","protected":false},"author":23,"featured_media":210216,"comment_status":"closed","ping_status":"closed","sticky":false,"template":"","format":"standard","meta":[],"categories":[142,121,163],"tags":[],"_links":{"self":[{"href":"https:\/\/rna.ao\/rna.ao\/wp-json\/wp\/v2\/posts\/210213"}],"collection":[{"href":"https:\/\/rna.ao\/rna.ao\/wp-json\/wp\/v2\/posts"}],"about":[{"href":"https:\/\/rna.ao\/rna.ao\/wp-json\/wp\/v2\/types\/post"}],"author":[{"embeddable":true,"href":"https:\/\/rna.ao\/rna.ao\/wp-json\/wp\/v2\/users\/23"}],"replies":[{"embeddable":true,"href":"https:\/\/rna.ao\/rna.ao\/wp-json\/wp\/v2\/comments?post=210213"}],"version-history":[{"count":1,"href":"https:\/\/rna.ao\/rna.ao\/wp-json\/wp\/v2\/posts\/210213\/revisions"}],"predecessor-version":[{"id":210217,"href":"https:\/\/rna.ao\/rna.ao\/wp-json\/wp\/v2\/posts\/210213\/revisions\/210217"}],"wp:featuredmedia":[{"embeddable":true,"href":"https:\/\/rna.ao\/rna.ao\/wp-json\/wp\/v2\/media\/210216"}],"wp:attachment":[{"href":"https:\/\/rna.ao\/rna.ao\/wp-json\/wp\/v2\/media?parent=210213"}],"wp:term":[{"taxonomy":"category","embeddable":true,"href":"https:\/\/rna.ao\/rna.ao\/wp-json\/wp\/v2\/categories?post=210213"},{"taxonomy":"post_tag","embeddable":true,"href":"https:\/\/rna.ao\/rna.ao\/wp-json\/wp\/v2\/tags?post=210213"}],"curies":[{"name":"wp","href":"https:\/\/api.w.org\/{rel}","templated":true}]}}