{"id":210201,"date":"2026-03-12T09:28:51","date_gmt":"2026-03-12T08:28:51","guid":{"rendered":"https:\/\/rna.ao\/rna.ao\/?p=210201"},"modified":"2026-03-12T09:28:51","modified_gmt":"2026-03-12T08:28:51","slug":"sociedade-continua-a-reagir-ao-anuncio-da-faf-sobre-angola-que-fica-fora-dos-jogos-da-data-fifa","status":"publish","type":"post","link":"https:\/\/rna.ao\/rna.ao\/2026\/03\/12\/sociedade-continua-a-reagir-ao-anuncio-da-faf-sobre-angola-que-fica-fora-dos-jogos-da-data-fifa\/","title":{"rendered":"Sociedade continua a reagir ao an\u00fancio da FAF sobre Angola que fica fora dos jogos da data FIFA"},"content":{"rendered":"<p><img loading=\"lazy\" class=\"size-full wp-image-180790 aligncenter\" src=\"https:\/\/rna.ao\/rna.ao\/wp-content\/uploads\/2025\/06\/palancas-seleccao.jpg\" alt=\"\" width=\"500\" height=\"261\" \/>Os Palancas Negras n\u00e3o v\u00e3o jogar na Data FIFA de Mar\u00e7o, anuncia A Federa\u00e7\u00e3o Angolana de Futebol, atrav\u00e9s de um comunicado oficial. A decis\u00e3o foi tomada ap\u00f3s uma avalia\u00e7\u00e3o t\u00e9cnica e estrat\u00e9gica da dire\u00e7\u00e3o desportiva, que considerou que a realiza\u00e7\u00e3o de um encontro neste per\u00edodo n\u00e3o acrescentaria valor ao processo de prepara\u00e7\u00e3o da equipa. A medida da FAF, entretanto, est\u00e1 a trazer v\u00e1rias reac\u00e7\u00f5es de membros da sociedade desportiva e outras.<\/p>\n","protected":false},"excerpt":{"rendered":"<p>Os Palancas Negras n\u00e3o v\u00e3o jogar na Data FIFA de Mar\u00e7o, anuncia A Federa\u00e7\u00e3o Angolana de Futebol, atrav\u00e9s de um comunicado oficial. A decis\u00e3o foi tomada ap\u00f3s uma avalia\u00e7\u00e3o t\u00e9cnica e estrat\u00e9gica da dire\u00e7\u00e3o desportiva, que considerou que a realiza\u00e7\u00e3o de um encontro neste per\u00edodo n\u00e3o acrescentaria valor ao processo ...<\/p>\n","protected":false},"author":23,"featured_media":180790,"comment_status":"closed","ping_status":"closed","sticky":false,"template":"","format":"standard","meta":[],"categories":[145,125,164],"tags":[],"_links":{"self":[{"href":"https:\/\/rna.ao\/rna.ao\/wp-json\/wp\/v2\/posts\/210201"}],"collection":[{"href":"https:\/\/rna.ao\/rna.ao\/wp-json\/wp\/v2\/posts"}],"about":[{"href":"https:\/\/rna.ao\/rna.ao\/wp-json\/wp\/v2\/types\/post"}],"author":[{"embeddable":true,"href":"https:\/\/rna.ao\/rna.ao\/wp-json\/wp\/v2\/users\/23"}],"replies":[{"embeddable":true,"href":"https:\/\/rna.ao\/rna.ao\/wp-json\/wp\/v2\/comments?post=210201"}],"version-history":[{"count":1,"href":"https:\/\/rna.ao\/rna.ao\/wp-json\/wp\/v2\/posts\/210201\/revisions"}],"predecessor-version":[{"id":210202,"href":"https:\/\/rna.ao\/rna.ao\/wp-json\/wp\/v2\/posts\/210201\/revisions\/210202"}],"wp:featuredmedia":[{"embeddable":true,"href":"https:\/\/rna.ao\/rna.ao\/wp-json\/wp\/v2\/media\/180790"}],"wp:attachment":[{"href":"https:\/\/rna.ao\/rna.ao\/wp-json\/wp\/v2\/media?parent=210201"}],"wp:term":[{"taxonomy":"category","embeddable":true,"href":"https:\/\/rna.ao\/rna.ao\/wp-json\/wp\/v2\/categories?post=210201"},{"taxonomy":"post_tag","embeddable":true,"href":"https:\/\/rna.ao\/rna.ao\/wp-json\/wp\/v2\/tags?post=210201"}],"curies":[{"name":"wp","href":"https:\/\/api.w.org\/{rel}","templated":true}]}}