{"id":210194,"date":"2026-03-12T09:25:44","date_gmt":"2026-03-12T08:25:44","guid":{"rendered":"https:\/\/rna.ao\/rna.ao\/?p=210194"},"modified":"2026-03-12T09:25:44","modified_gmt":"2026-03-12T08:25:44","slug":"mpla-reune-a-partir-de-hoje-e-durante-dois-dias-o-seu-comite-central","status":"publish","type":"post","link":"https:\/\/rna.ao\/rna.ao\/2026\/03\/12\/mpla-reune-a-partir-de-hoje-e-durante-dois-dias-o-seu-comite-central\/","title":{"rendered":"MPLA re\u00fane a partir de hoje e durante dois dias o seu Comit\u00e9 Central"},"content":{"rendered":"<p><img loading=\"lazy\" class=\"alignnone  wp-image-210198\" src=\"https:\/\/rna.ao\/rna.ao\/wp-content\/uploads\/2026\/03\/MPLA-Joao-Lourenco-770x500.jpg\" alt=\"\" width=\"368\" height=\"239\" srcset=\"https:\/\/rna.ao\/rna.ao\/wp-content\/uploads\/2026\/03\/MPLA-Joao-Lourenco-770x500.jpg 770w, https:\/\/rna.ao\/rna.ao\/wp-content\/uploads\/2026\/03\/MPLA-Joao-Lourenco-1170x759.jpg 1170w, https:\/\/rna.ao\/rna.ao\/wp-content\/uploads\/2026\/03\/MPLA-Joao-Lourenco-768x498.jpg 768w, https:\/\/rna.ao\/rna.ao\/wp-content\/uploads\/2026\/03\/MPLA-Joao-Lourenco-1536x997.jpg 1536w, https:\/\/rna.ao\/rna.ao\/wp-content\/uploads\/2026\/03\/MPLA-Joao-Lourenco.jpg 2048w\" sizes=\"(max-width: 368px) 100vw, 368px\" \/> <img loading=\"lazy\" class=\"alignnone  wp-image-210199\" src=\"https:\/\/rna.ao\/rna.ao\/wp-content\/uploads\/2026\/03\/MPLA-Joao-Lourenco-bureal-politico-mpla-770x500.jpg\" alt=\"\" width=\"364\" height=\"236\" srcset=\"https:\/\/rna.ao\/rna.ao\/wp-content\/uploads\/2026\/03\/MPLA-Joao-Lourenco-bureal-politico-mpla-770x500.jpg 770w, https:\/\/rna.ao\/rna.ao\/wp-content\/uploads\/2026\/03\/MPLA-Joao-Lourenco-bureal-politico-mpla-1170x759.jpg 1170w, https:\/\/rna.ao\/rna.ao\/wp-content\/uploads\/2026\/03\/MPLA-Joao-Lourenco-bureal-politico-mpla-768x498.jpg 768w, https:\/\/rna.ao\/rna.ao\/wp-content\/uploads\/2026\/03\/MPLA-Joao-Lourenco-bureal-politico-mpla-1536x997.jpg 1536w, https:\/\/rna.ao\/rna.ao\/wp-content\/uploads\/2026\/03\/MPLA-Joao-Lourenco-bureal-politico-mpla.jpg 2048w\" sizes=\"(max-width: 364px) 100vw, 364px\" \/><\/p>\n<p>O MPLA re\u00fane, hoje, quinta-feira (12) e amanh\u00e3, sexta-feira, 13, o seu Comit\u00e9 Central. Sob orienta\u00e7\u00e3o do Presidente do Partido, Jo\u00e3o Louren\u00e7o, o Bureau Pol\u00edtico preparou ontem, quarta-feira (11), a agenda para este encontro de dois dias. Clique no link abaixo e saiba mais com o jornalista Lopes Canhina:<\/p>\n\t<div class=\"qtmplayer-playlist-large\">\n\t\t<ul class=\"qtmplayer-playlist\">\n\t\t\t\n\t\t\t\t\t<li class=\"qtmplayer-trackitem\">\n\t\t<img src=\"https:\/\/rna.ao\/rna.ao\/wp-content\/uploads\/2026\/03\/MPLA-Joao-Lourenco-bureal-politico-mpla-100x100.jpg\" alt=\"cover\">\t\t<span \t\t\tdata-qtmplayer-cover=\"https:\/\/rna.ao\/rna.ao\/wp-content\/uploads\/2026\/03\/MPLA-Joao-Lourenco-bureal-politico-mpla-370x370.jpg\"\n\t\t\t\t\t\tdata-qtmplayer-file=\"https:\/\/rna.ao\/rna.ao\/wp-content\/uploads\/2026\/03\/LOPES-CAHINA-06-HRS.mp3\"\n\t\t\t\t\t\tdata-qtmplayer-title=\"MPLA re\u00fane a partir de hoje e durante dois dias o seu Comit\u00e9 Central\"\n\t\t\t\t\t\tdata-qtmplayer-artist=\"Ant\u00f3nio Augusto\"\n\t\t\t\t\t\tdata-qtmplayer-link=\"https:\/\/rna.ao\/rna.ao\/2026\/03\/12\/mpla-reune-a-partir-de-hoje-e-durante-dois-dias-o-seu-comite-central\/\"\n\t\t\t\t\t\tdata-qtmplayer-icon=\"file_download\"\n\t\t\t\t\t\tdata-qtmplayer-type=\"track\"\n\t\t\t class=\"qtmplayer-play qtmplayer-link-sec qtmplayer-play-btn\"><i class='material-icons'>play_arrow<\/i><\/span>\n\t\t<p>\n\t\t\t<span class=\"qtmplayer-tit\">MPLA re\u00fane a partir de hoje e durante dois dias o seu Comit\u00e9 Central<\/span>\n\t\t\t<span class=\"qtmplayer-art\">Ant\u00f3nio Augusto<\/span>\n\t\t<\/p>\n\t<\/li>\n\t\t<\/ul>\n\t<\/div>\t\t\t\n\t\n","protected":false},"excerpt":{"rendered":"<p>O MPLA re\u00fane, hoje, quinta-feira (12) e amanh\u00e3, sexta-feira, 13, o seu Comit\u00e9 Central. Sob orienta\u00e7\u00e3o do Presidente do Partido, Jo\u00e3o Louren\u00e7o, o Bureau Pol\u00edtico preparou ontem, quarta-feira (11), a agenda para este encontro de dois dias. Clique no link abaixo e saiba mais com o jornalista Lopes Canhina:<\/p>\n","protected":false},"author":23,"featured_media":210199,"comment_status":"closed","ping_status":"closed","sticky":false,"template":"","format":"standard","meta":[],"categories":[142,121,164,163],"tags":[],"_links":{"self":[{"href":"https:\/\/rna.ao\/rna.ao\/wp-json\/wp\/v2\/posts\/210194"}],"collection":[{"href":"https:\/\/rna.ao\/rna.ao\/wp-json\/wp\/v2\/posts"}],"about":[{"href":"https:\/\/rna.ao\/rna.ao\/wp-json\/wp\/v2\/types\/post"}],"author":[{"embeddable":true,"href":"https:\/\/rna.ao\/rna.ao\/wp-json\/wp\/v2\/users\/23"}],"replies":[{"embeddable":true,"href":"https:\/\/rna.ao\/rna.ao\/wp-json\/wp\/v2\/comments?post=210194"}],"version-history":[{"count":1,"href":"https:\/\/rna.ao\/rna.ao\/wp-json\/wp\/v2\/posts\/210194\/revisions"}],"predecessor-version":[{"id":210200,"href":"https:\/\/rna.ao\/rna.ao\/wp-json\/wp\/v2\/posts\/210194\/revisions\/210200"}],"wp:featuredmedia":[{"embeddable":true,"href":"https:\/\/rna.ao\/rna.ao\/wp-json\/wp\/v2\/media\/210199"}],"wp:attachment":[{"href":"https:\/\/rna.ao\/rna.ao\/wp-json\/wp\/v2\/media?parent=210194"}],"wp:term":[{"taxonomy":"category","embeddable":true,"href":"https:\/\/rna.ao\/rna.ao\/wp-json\/wp\/v2\/categories?post=210194"},{"taxonomy":"post_tag","embeddable":true,"href":"https:\/\/rna.ao\/rna.ao\/wp-json\/wp\/v2\/tags?post=210194"}],"curies":[{"name":"wp","href":"https:\/\/api.w.org\/{rel}","templated":true}]}}