{"id":210183,"date":"2026-03-12T09:11:37","date_gmt":"2026-03-12T08:11:37","guid":{"rendered":"https:\/\/rna.ao\/rna.ao\/?p=210183"},"modified":"2026-03-12T09:11:37","modified_gmt":"2026-03-12T08:11:37","slug":"parlamentares-da-unita-reunidos-em-jornadas-na-cidade-do-luena-no-moxico","status":"publish","type":"post","link":"https:\/\/rna.ao\/rna.ao\/2026\/03\/12\/parlamentares-da-unita-reunidos-em-jornadas-na-cidade-do-luena-no-moxico\/","title":{"rendered":"Parlamentares da UNITA reunidos em jornadas na cidade do Luena, no Moxico"},"content":{"rendered":"<p><img loading=\"lazy\" class=\"alignnone  wp-image-210189\" src=\"https:\/\/rna.ao\/rna.ao\/wp-content\/uploads\/2026\/03\/adalberto-costa-junior-unita-acj-770x578.jpg\" alt=\"\" width=\"320\" height=\"240\" srcset=\"https:\/\/rna.ao\/rna.ao\/wp-content\/uploads\/2026\/03\/adalberto-costa-junior-unita-acj-770x578.jpg 770w, https:\/\/rna.ao\/rna.ao\/wp-content\/uploads\/2026\/03\/adalberto-costa-junior-unita-acj-768x576.jpg 768w, https:\/\/rna.ao\/rna.ao\/wp-content\/uploads\/2026\/03\/adalberto-costa-junior-unita-acj.jpg 960w\" sizes=\"(max-width: 320px) 100vw, 320px\" \/> <img loading=\"lazy\" class=\"alignnone  wp-image-210188\" src=\"https:\/\/rna.ao\/rna.ao\/wp-content\/uploads\/2026\/03\/unitaa-770x578.jpg\" alt=\"\" width=\"324\" height=\"243\" srcset=\"https:\/\/rna.ao\/rna.ao\/wp-content\/uploads\/2026\/03\/unitaa-770x578.jpg 770w, https:\/\/rna.ao\/rna.ao\/wp-content\/uploads\/2026\/03\/unitaa-768x576.jpg 768w, https:\/\/rna.ao\/rna.ao\/wp-content\/uploads\/2026\/03\/unitaa.jpg 960w\" sizes=\"(max-width: 324px) 100vw, 324px\" \/><\/p>\n<p>Os deputados da UNITA realizam na cidade do Luena, Prov\u00edncia do Moxico, as suas jornadas parlamentares abertas pelo Presidente do partido, Adalberto Costa J\u00fanior. Paz e Desenvolvimento s\u00e3o compromissos que Adalberto Costa J\u00fanior sublinhou serem atribui\u00e7\u00f5es do maior partido na oposi\u00e7\u00e3o em Angola. Ou\u00e7a o desenvolvimento desta mat\u00e9ria na voz do jornalista Rafael Dami\u00e3o clicando no link abaixo:<\/p>\n\t<div class=\"qtmplayer-playlist-large\">\n\t\t<ul class=\"qtmplayer-playlist\">\n\t\t\t\n\t\t\t\t\t<li class=\"qtmplayer-trackitem\">\n\t\t<img src=\"https:\/\/rna.ao\/rna.ao\/wp-content\/uploads\/2026\/03\/UNITA-realizam-na-cidade-do-Luena-Provincia-do-Moxico-as-suas-jornadas-parlamentares-100x100.jpg\" alt=\"cover\">\t\t<span \t\t\tdata-qtmplayer-cover=\"https:\/\/rna.ao\/rna.ao\/wp-content\/uploads\/2026\/03\/UNITA-realizam-na-cidade-do-Luena-Provincia-do-Moxico-as-suas-jornadas-parlamentares-370x370.jpg\"\n\t\t\t\t\t\tdata-qtmplayer-file=\"https:\/\/rna.ao\/rna.ao\/wp-content\/uploads\/2026\/03\/MOXICO-UNITA-06-HRS.mp3\"\n\t\t\t\t\t\tdata-qtmplayer-title=\"Parlamentares da UNITA reunidos em jornadas na cidade do Luena, no Moxico\"\n\t\t\t\t\t\tdata-qtmplayer-artist=\"Ant\u00f3nio Augusto\"\n\t\t\t\t\t\tdata-qtmplayer-link=\"https:\/\/rna.ao\/rna.ao\/2026\/03\/12\/parlamentares-da-unita-reunidos-em-jornadas-na-cidade-do-luena-no-moxico\/\"\n\t\t\t\t\t\tdata-qtmplayer-icon=\"file_download\"\n\t\t\t\t\t\tdata-qtmplayer-type=\"track\"\n\t\t\t class=\"qtmplayer-play qtmplayer-link-sec qtmplayer-play-btn\"><i class='material-icons'>play_arrow<\/i><\/span>\n\t\t<p>\n\t\t\t<span class=\"qtmplayer-tit\">Parlamentares da UNITA reunidos em jornadas na cidade do Luena, no Moxico<\/span>\n\t\t\t<span class=\"qtmplayer-art\">Ant\u00f3nio Augusto<\/span>\n\t\t<\/p>\n\t<\/li>\n\t\t<\/ul>\n\t<\/div>\t\t\t\n\t\n","protected":false},"excerpt":{"rendered":"<p>Os deputados da UNITA realizam na cidade do Luena, Prov\u00edncia do Moxico, as suas jornadas parlamentares abertas pelo Presidente do partido, Adalberto Costa J\u00fanior. Paz e Desenvolvimento s\u00e3o compromissos que Adalberto Costa J\u00fanior sublinhou serem atribui\u00e7\u00f5es do maior partido na oposi\u00e7\u00e3o em Angola. Ou\u00e7a o desenvolvimento desta mat\u00e9ria na voz ...<\/p>\n","protected":false},"author":23,"featured_media":210186,"comment_status":"closed","ping_status":"closed","sticky":false,"template":"","format":"standard","meta":[],"categories":[142,121,164,163],"tags":[],"_links":{"self":[{"href":"https:\/\/rna.ao\/rna.ao\/wp-json\/wp\/v2\/posts\/210183"}],"collection":[{"href":"https:\/\/rna.ao\/rna.ao\/wp-json\/wp\/v2\/posts"}],"about":[{"href":"https:\/\/rna.ao\/rna.ao\/wp-json\/wp\/v2\/types\/post"}],"author":[{"embeddable":true,"href":"https:\/\/rna.ao\/rna.ao\/wp-json\/wp\/v2\/users\/23"}],"replies":[{"embeddable":true,"href":"https:\/\/rna.ao\/rna.ao\/wp-json\/wp\/v2\/comments?post=210183"}],"version-history":[{"count":2,"href":"https:\/\/rna.ao\/rna.ao\/wp-json\/wp\/v2\/posts\/210183\/revisions"}],"predecessor-version":[{"id":210193,"href":"https:\/\/rna.ao\/rna.ao\/wp-json\/wp\/v2\/posts\/210183\/revisions\/210193"}],"wp:featuredmedia":[{"embeddable":true,"href":"https:\/\/rna.ao\/rna.ao\/wp-json\/wp\/v2\/media\/210186"}],"wp:attachment":[{"href":"https:\/\/rna.ao\/rna.ao\/wp-json\/wp\/v2\/media?parent=210183"}],"wp:term":[{"taxonomy":"category","embeddable":true,"href":"https:\/\/rna.ao\/rna.ao\/wp-json\/wp\/v2\/categories?post=210183"},{"taxonomy":"post_tag","embeddable":true,"href":"https:\/\/rna.ao\/rna.ao\/wp-json\/wp\/v2\/tags?post=210183"}],"curies":[{"name":"wp","href":"https:\/\/api.w.org\/{rel}","templated":true}]}}