{"id":210159,"date":"2026-03-11T20:49:26","date_gmt":"2026-03-11T19:49:26","guid":{"rendered":"https:\/\/rna.ao\/rna.ao\/?p=210159"},"modified":"2026-03-11T20:49:26","modified_gmt":"2026-03-11T19:49:26","slug":"embaixador-de-angola-na-argentina-representa-pr-joao-lourenco-na-tomada-de-posse-do-chefe-de-estado-chileno","status":"publish","type":"post","link":"https:\/\/rna.ao\/rna.ao\/2026\/03\/11\/embaixador-de-angola-na-argentina-representa-pr-joao-lourenco-na-tomada-de-posse-do-chefe-de-estado-chileno\/","title":{"rendered":"Embaixador de Angola na Argentina representa PR Jo\u00e3o Louren\u00e7o na tomada de posse do Chefe de Estado chileno"},"content":{"rendered":"<p><img loading=\"lazy\" class=\"alignnone size-medium wp-image-210161\" src=\"https:\/\/rna.ao\/rna.ao\/wp-content\/uploads\/2026\/03\/acae6ca0-d0ca-4255-8b8a-70187a045553-499x770.jpeg\" alt=\"\" width=\"499\" height=\"770\" srcset=\"https:\/\/rna.ao\/rna.ao\/wp-content\/uploads\/2026\/03\/acae6ca0-d0ca-4255-8b8a-70187a045553-499x770.jpeg 499w, https:\/\/rna.ao\/rna.ao\/wp-content\/uploads\/2026\/03\/acae6ca0-d0ca-4255-8b8a-70187a045553.jpeg 535w\" sizes=\"(max-width: 499px) 100vw, 499px\" \/><\/p>\n<p>O Embaixador de Angola na Argentina, Azevedo Xavier Francisco, representou o Presidente da Rep\u00fablica, Jo\u00e3o Louren\u00e7o, na cerim\u00f3nia de tomada de posse do novo Presidente do Chile, Jos\u00e9 Antonio Kant.<\/p>\n<p>A cerim\u00f3nia decorreu nesta quarta-feira, 11 de Mar\u00e7o, no Congresso Nacional, na cidade de Valpara\u00edso, e marcou a transfer\u00eancia de poderes entre o Presidente cessante, Gabriel Boris, e o novo Chefe de Estado chileno.<\/p>\n<p>Eleito com cerca de 58 por cento dos votos, Jos\u00e9 Antonio Kast inicia o mandato presidencial com uma agenda focada no refor\u00e7o da seguran\u00e7a p\u00fablica, no combate \u00e0 imigra\u00e7\u00e3o irregular e na promo\u00e7\u00e3o do crescimento econ\u00f3mico.<\/p>\n<p>No Pal\u00e1cio de La Moeda, sede da Presid\u00eancia chilena, o novo Chefe de Estado recebe os chefes das delega\u00e7\u00f5es estrangeiras presentes na cerim\u00f3nia.<\/p>\n<p>Na ocasi\u00e3o, o embaixador angolano dever\u00e1 entregar uma mensagem do Presidente Jo\u00e3o Louren\u00e7o ao seu hom\u00f3logo chileno, transmitindo felicita\u00e7\u00f5es pela investidura e reiterando a disponibilidade de Angola para continuar a refor\u00e7ar os la\u00e7os de amizade, coopera\u00e7\u00e3o e di\u00e1logo pol\u00edtico entre os dois pa\u00edses.<\/p>\n","protected":false},"excerpt":{"rendered":"<p>O Embaixador de Angola na Argentina, Azevedo Xavier Francisco, representou o Presidente da Rep\u00fablica, Jo\u00e3o Louren\u00e7o, na cerim\u00f3nia de tomada de posse do novo Presidente do Chile, Jos\u00e9 Antonio Kant. A cerim\u00f3nia decorreu nesta quarta-feira, 11 de Mar\u00e7o, no Congresso Nacional, na cidade de Valpara\u00edso, e marcou a transfer\u00eancia de ...<\/p>\n","protected":false},"author":9,"featured_media":210162,"comment_status":"closed","ping_status":"closed","sticky":false,"template":"","format":"standard","meta":[],"categories":[142,121,163],"tags":[],"_links":{"self":[{"href":"https:\/\/rna.ao\/rna.ao\/wp-json\/wp\/v2\/posts\/210159"}],"collection":[{"href":"https:\/\/rna.ao\/rna.ao\/wp-json\/wp\/v2\/posts"}],"about":[{"href":"https:\/\/rna.ao\/rna.ao\/wp-json\/wp\/v2\/types\/post"}],"author":[{"embeddable":true,"href":"https:\/\/rna.ao\/rna.ao\/wp-json\/wp\/v2\/users\/9"}],"replies":[{"embeddable":true,"href":"https:\/\/rna.ao\/rna.ao\/wp-json\/wp\/v2\/comments?post=210159"}],"version-history":[{"count":1,"href":"https:\/\/rna.ao\/rna.ao\/wp-json\/wp\/v2\/posts\/210159\/revisions"}],"predecessor-version":[{"id":210163,"href":"https:\/\/rna.ao\/rna.ao\/wp-json\/wp\/v2\/posts\/210159\/revisions\/210163"}],"wp:featuredmedia":[{"embeddable":true,"href":"https:\/\/rna.ao\/rna.ao\/wp-json\/wp\/v2\/media\/210162"}],"wp:attachment":[{"href":"https:\/\/rna.ao\/rna.ao\/wp-json\/wp\/v2\/media?parent=210159"}],"wp:term":[{"taxonomy":"category","embeddable":true,"href":"https:\/\/rna.ao\/rna.ao\/wp-json\/wp\/v2\/categories?post=210159"},{"taxonomy":"post_tag","embeddable":true,"href":"https:\/\/rna.ao\/rna.ao\/wp-json\/wp\/v2\/tags?post=210159"}],"curies":[{"name":"wp","href":"https:\/\/api.w.org\/{rel}","templated":true}]}}