{"id":210155,"date":"2026-03-11T20:30:48","date_gmt":"2026-03-11T19:30:48","guid":{"rendered":"https:\/\/rna.ao\/rna.ao\/?p=210155"},"modified":"2026-03-11T20:30:48","modified_gmt":"2026-03-11T19:30:48","slug":"angola-participa-em-debate-de-alto-nivel-sobre-combate-ao-feminicidio","status":"publish","type":"post","link":"https:\/\/rna.ao\/rna.ao\/2026\/03\/11\/angola-participa-em-debate-de-alto-nivel-sobre-combate-ao-feminicidio\/","title":{"rendered":"Angola participa em debate de alto n\u00edvel sobre combate ao feminic\u00eddio"},"content":{"rendered":"<p><img loading=\"lazy\" class=\"alignnone size-medium wp-image-210156\" src=\"https:\/\/rna.ao\/rna.ao\/wp-content\/uploads\/2026\/03\/51b61b1d-4692-4b4e-a854-bcf85b9a3dfb-578x770.jpeg\" alt=\"\" width=\"578\" height=\"770\" srcset=\"https:\/\/rna.ao\/rna.ao\/wp-content\/uploads\/2026\/03\/51b61b1d-4692-4b4e-a854-bcf85b9a3dfb-578x770.jpeg 578w, https:\/\/rna.ao\/rna.ao\/wp-content\/uploads\/2026\/03\/51b61b1d-4692-4b4e-a854-bcf85b9a3dfb-878x1170.jpeg 878w, https:\/\/rna.ao\/rna.ao\/wp-content\/uploads\/2026\/03\/51b61b1d-4692-4b4e-a854-bcf85b9a3dfb-768x1024.jpeg 768w, https:\/\/rna.ao\/rna.ao\/wp-content\/uploads\/2026\/03\/51b61b1d-4692-4b4e-a854-bcf85b9a3dfb-1152x1536.jpeg 1152w, https:\/\/rna.ao\/rna.ao\/wp-content\/uploads\/2026\/03\/51b61b1d-4692-4b4e-a854-bcf85b9a3dfb.jpeg 1200w\" sizes=\"(max-width: 578px) 100vw, 578px\" \/><\/p>\n<p>A Ministra da Ac\u00e7\u00e3o Social, Fam\u00edlia e Promo\u00e7\u00e3o da Mulher, Ana Paula do Sacramento Neto, e a Secret\u00e1ria de Estado para as Rela\u00e7\u00f5es Exteriores, Embaixadora Esmeralda Mendon\u00e7a, participaram, ao final da tarde desta ter\u00e7a-feira, num evento paralelo de alto n\u00edvel dedicado ao combate ao feminic\u00eddio.<\/p>\n<p>O encontro, realizado no \u00e2mbito das actividades da Comiss\u00e3o sobre o Estatuto da Mulher, contou com a presen\u00e7a da Primeira-Dama da Rep\u00fablica Federativa do Brasil, Janja Lula da Silva, e resultou de uma iniciativa presidencial brasileira.<\/p>\n<p>A sess\u00e3o promoveu um di\u00e1logo pol\u00edtico de alto n\u00edvel sobre os caminhos para o combate ao feminic\u00eddio, com destaque para os desafios, progressos e estrat\u00e9gias eficazes para a preven\u00e7\u00e3o, investiga\u00e7\u00e3o, julgamento e erradica\u00e7\u00e3o deste crime.<\/p>\n<p>&nbsp;<\/p>\n","protected":false},"excerpt":{"rendered":"<p>A Ministra da Ac\u00e7\u00e3o Social, Fam\u00edlia e Promo\u00e7\u00e3o da Mulher, Ana Paula do Sacramento Neto, e a Secret\u00e1ria de Estado para as Rela\u00e7\u00f5es Exteriores, Embaixadora Esmeralda Mendon\u00e7a, participaram, ao final da tarde desta ter\u00e7a-feira, num evento paralelo de alto n\u00edvel dedicado ao combate ao feminic\u00eddio. O encontro, realizado no \u00e2mbito ...<\/p>\n","protected":false},"author":9,"featured_media":210157,"comment_status":"closed","ping_status":"closed","sticky":false,"template":"","format":"standard","meta":[],"categories":[142,121,163],"tags":[],"_links":{"self":[{"href":"https:\/\/rna.ao\/rna.ao\/wp-json\/wp\/v2\/posts\/210155"}],"collection":[{"href":"https:\/\/rna.ao\/rna.ao\/wp-json\/wp\/v2\/posts"}],"about":[{"href":"https:\/\/rna.ao\/rna.ao\/wp-json\/wp\/v2\/types\/post"}],"author":[{"embeddable":true,"href":"https:\/\/rna.ao\/rna.ao\/wp-json\/wp\/v2\/users\/9"}],"replies":[{"embeddable":true,"href":"https:\/\/rna.ao\/rna.ao\/wp-json\/wp\/v2\/comments?post=210155"}],"version-history":[{"count":1,"href":"https:\/\/rna.ao\/rna.ao\/wp-json\/wp\/v2\/posts\/210155\/revisions"}],"predecessor-version":[{"id":210158,"href":"https:\/\/rna.ao\/rna.ao\/wp-json\/wp\/v2\/posts\/210155\/revisions\/210158"}],"wp:featuredmedia":[{"embeddable":true,"href":"https:\/\/rna.ao\/rna.ao\/wp-json\/wp\/v2\/media\/210157"}],"wp:attachment":[{"href":"https:\/\/rna.ao\/rna.ao\/wp-json\/wp\/v2\/media?parent=210155"}],"wp:term":[{"taxonomy":"category","embeddable":true,"href":"https:\/\/rna.ao\/rna.ao\/wp-json\/wp\/v2\/categories?post=210155"},{"taxonomy":"post_tag","embeddable":true,"href":"https:\/\/rna.ao\/rna.ao\/wp-json\/wp\/v2\/tags?post=210155"}],"curies":[{"name":"wp","href":"https:\/\/api.w.org\/{rel}","templated":true}]}}