{"id":210119,"date":"2026-03-11T10:48:59","date_gmt":"2026-03-11T09:48:59","guid":{"rendered":"https:\/\/rna.ao\/rna.ao\/?p=210119"},"modified":"2026-03-11T10:49:29","modified_gmt":"2026-03-11T09:49:29","slug":"ministra-da-saude-reafirma-no-brasil-o-compromisso-de-angola-com-a-formacao-de-quadros-no-sector","status":"publish","type":"post","link":"https:\/\/rna.ao\/rna.ao\/2026\/03\/11\/ministra-da-saude-reafirma-no-brasil-o-compromisso-de-angola-com-a-formacao-de-quadros-no-sector\/","title":{"rendered":"Ministra da Sa\u00fade reafirma no Brasil, o compromisso de Angola com a forma\u00e7\u00e3o de quadros no sector"},"content":{"rendered":"<p><img loading=\"lazy\" class=\"alignnone size-medium wp-image-210123\" src=\"https:\/\/rna.ao\/rna.ao\/wp-content\/uploads\/2026\/03\/WhatsApp-Image-2026-03-10-at-20.01.34-770x578.jpeg\" alt=\"\" width=\"770\" height=\"578\" srcset=\"https:\/\/rna.ao\/rna.ao\/wp-content\/uploads\/2026\/03\/WhatsApp-Image-2026-03-10-at-20.01.34-770x578.jpeg 770w, https:\/\/rna.ao\/rna.ao\/wp-content\/uploads\/2026\/03\/WhatsApp-Image-2026-03-10-at-20.01.34-1170x878.jpeg 1170w, https:\/\/rna.ao\/rna.ao\/wp-content\/uploads\/2026\/03\/WhatsApp-Image-2026-03-10-at-20.01.34-768x576.jpeg 768w, https:\/\/rna.ao\/rna.ao\/wp-content\/uploads\/2026\/03\/WhatsApp-Image-2026-03-10-at-20.01.34-1536x1152.jpeg 1536w, https:\/\/rna.ao\/rna.ao\/wp-content\/uploads\/2026\/03\/WhatsApp-Image-2026-03-10-at-20.01.34.jpeg 1600w\" sizes=\"(max-width: 770px) 100vw, 770px\" \/><\/p>\n<p>A Ministra da Sa\u00fade, S\u00edlvia Lutukuta deu conta que at\u00e9 2027, o Minist\u00e9rio da Sa\u00fade tem como tarefa principal a forma\u00e7\u00e3o de quadros em diversas especialidades, e nesse projecto, saudar o envolvimento do governo do Brasil.<\/p>\n<p>Ministra S\u00edlvia Lutukuta assegurou que os investimentos em recursos humanos e em infraestruturas na sa\u00fade animam projecto do governo angolano de cobertura universal. Clique no audio abaixo e ou\u00e7a:<\/p>\n\t<div class=\"qtmplayer-playlist-large\">\n\t\t<ul class=\"qtmplayer-playlist\">\n\t\t\t\n\t\t\t\t\t<li class=\"qtmplayer-trackitem\">\n\t\t<img src=\"https:\/\/rna.ao\/rna.ao\/wp-content\/uploads\/2026\/03\/WhatsApp-Image-2026-03-10-at-20.01.34-1-100x100.jpeg\" alt=\"cover\">\t\t<span \t\t\tdata-qtmplayer-cover=\"https:\/\/rna.ao\/rna.ao\/wp-content\/uploads\/2026\/03\/WhatsApp-Image-2026-03-10-at-20.01.34-1-370x370.jpeg\"\n\t\t\t\t\t\tdata-qtmplayer-file=\"https:\/\/rna.ao\/rna.ao\/wp-content\/uploads\/2026\/03\/SILVIA-LUTUKUTA-01-07-HRS.mp3\"\n\t\t\t\t\t\tdata-qtmplayer-title=\"Ministra da Sa\u00fade reafirma no Brasil, o compromisso de Angola com a forma\u00e7\u00e3o de quadros no sector\"\n\t\t\t\t\t\tdata-qtmplayer-artist=\"Patr\u00edcia Campos\"\n\t\t\t\t\t\tdata-qtmplayer-link=\"https:\/\/rna.ao\/rna.ao\/2026\/03\/11\/ministra-da-saude-reafirma-no-brasil-o-compromisso-de-angola-com-a-formacao-de-quadros-no-sector\/\"\n\t\t\t\t\t\tdata-qtmplayer-icon=\"file_download\"\n\t\t\t\t\t\tdata-qtmplayer-type=\"track\"\n\t\t\t class=\"qtmplayer-play qtmplayer-link-sec qtmplayer-play-btn\"><i class='material-icons'>play_arrow<\/i><\/span>\n\t\t<p>\n\t\t\t<span class=\"qtmplayer-tit\">Ministra da Sa\u00fade reafirma no Brasil, o compromisso de Angola com a forma\u00e7\u00e3o de quadros no sector<\/span>\n\t\t\t<span class=\"qtmplayer-art\">Patr\u00edcia Campos<\/span>\n\t\t<\/p>\n\t<\/li>\n\t\t<\/ul>\n\t<\/div>\t\t\t\n\t\n<p>&nbsp;<\/p>\n<p>A Ministra da Sa\u00fade de Angola, S\u00edlvia Lutucuta, est\u00e1 no Brasil onde apresentou o balan\u00e7o detalhado dos investimentos e resultados do sector da sa\u00fade de Angola.<\/p>\n<p>A apresenta\u00e7\u00e3o foi feita durante a aula inaugural do Ciclo 2026 do Programa de Forma\u00e7\u00e3o de Recursos Humanos em Sa\u00fade Brasil-Angola, realizada na Faculdade de Medicina da Universidade de S\u00e3o Paulo. Clique no audio abaixo e ou\u00e7a:<\/p>\n\t<div class=\"qtmplayer-playlist-large\">\n\t\t<ul class=\"qtmplayer-playlist\">\n\t\t\t\n\t\t\t\t\t<li class=\"qtmplayer-trackitem\">\n\t\t<img src=\"https:\/\/rna.ao\/rna.ao\/wp-content\/uploads\/2026\/03\/WhatsApp-Image-2026-03-10-at-20.01.34-1-100x100.jpeg\" alt=\"cover\">\t\t<span \t\t\tdata-qtmplayer-cover=\"https:\/\/rna.ao\/rna.ao\/wp-content\/uploads\/2026\/03\/WhatsApp-Image-2026-03-10-at-20.01.34-1-370x370.jpeg\"\n\t\t\t\t\t\tdata-qtmplayer-file=\"https:\/\/rna.ao\/rna.ao\/wp-content\/uploads\/2026\/03\/SILVIA-LUTUKUTA-2-06-HRS.mp3\"\n\t\t\t\t\t\tdata-qtmplayer-title=\"Ministra da Sa\u00fade reafirma no Brasil, o compromisso de Angola com a forma\u00e7\u00e3o de quadros no sector\"\n\t\t\t\t\t\tdata-qtmplayer-artist=\"Patr\u00edcia Campos\"\n\t\t\t\t\t\tdata-qtmplayer-link=\"https:\/\/rna.ao\/rna.ao\/2026\/03\/11\/ministra-da-saude-reafirma-no-brasil-o-compromisso-de-angola-com-a-formacao-de-quadros-no-sector\/\"\n\t\t\t\t\t\tdata-qtmplayer-icon=\"file_download\"\n\t\t\t\t\t\tdata-qtmplayer-type=\"track\"\n\t\t\t class=\"qtmplayer-play qtmplayer-link-sec qtmplayer-play-btn\"><i class='material-icons'>play_arrow<\/i><\/span>\n\t\t<p>\n\t\t\t<span class=\"qtmplayer-tit\">Ministra da Sa\u00fade reafirma no Brasil, o compromisso de Angola com a forma\u00e7\u00e3o de quadros no sector<\/span>\n\t\t\t<span class=\"qtmplayer-art\">Patr\u00edcia Campos<\/span>\n\t\t<\/p>\n\t<\/li>\n\t\t<\/ul>\n\t<\/div>\t\t\t\n\t\n<p>&nbsp;<\/p>\n<p>&nbsp;<\/p>\n","protected":false},"excerpt":{"rendered":"<p>A Ministra da Sa\u00fade, S\u00edlvia Lutukuta deu conta que at\u00e9 2027, o Minist\u00e9rio da Sa\u00fade tem como tarefa principal a forma\u00e7\u00e3o de quadros em diversas especialidades, e nesse projecto, saudar o envolvimento do governo do Brasil. Ministra S\u00edlvia Lutukuta assegurou que os investimentos em recursos humanos e em infraestruturas na ...<\/p>\n","protected":false},"author":21,"featured_media":210124,"comment_status":"closed","ping_status":"closed","sticky":false,"template":"","format":"standard","meta":[],"categories":[142,121,164,163],"tags":[],"_links":{"self":[{"href":"https:\/\/rna.ao\/rna.ao\/wp-json\/wp\/v2\/posts\/210119"}],"collection":[{"href":"https:\/\/rna.ao\/rna.ao\/wp-json\/wp\/v2\/posts"}],"about":[{"href":"https:\/\/rna.ao\/rna.ao\/wp-json\/wp\/v2\/types\/post"}],"author":[{"embeddable":true,"href":"https:\/\/rna.ao\/rna.ao\/wp-json\/wp\/v2\/users\/21"}],"replies":[{"embeddable":true,"href":"https:\/\/rna.ao\/rna.ao\/wp-json\/wp\/v2\/comments?post=210119"}],"version-history":[{"count":3,"href":"https:\/\/rna.ao\/rna.ao\/wp-json\/wp\/v2\/posts\/210119\/revisions"}],"predecessor-version":[{"id":210127,"href":"https:\/\/rna.ao\/rna.ao\/wp-json\/wp\/v2\/posts\/210119\/revisions\/210127"}],"wp:featuredmedia":[{"embeddable":true,"href":"https:\/\/rna.ao\/rna.ao\/wp-json\/wp\/v2\/media\/210124"}],"wp:attachment":[{"href":"https:\/\/rna.ao\/rna.ao\/wp-json\/wp\/v2\/media?parent=210119"}],"wp:term":[{"taxonomy":"category","embeddable":true,"href":"https:\/\/rna.ao\/rna.ao\/wp-json\/wp\/v2\/categories?post=210119"},{"taxonomy":"post_tag","embeddable":true,"href":"https:\/\/rna.ao\/rna.ao\/wp-json\/wp\/v2\/tags?post=210119"}],"curies":[{"name":"wp","href":"https:\/\/api.w.org\/{rel}","templated":true}]}}