{"id":210114,"date":"2026-03-11T10:22:51","date_gmt":"2026-03-11T09:22:51","guid":{"rendered":"https:\/\/rna.ao\/rna.ao\/?p=210114"},"modified":"2026-03-11T10:22:51","modified_gmt":"2026-03-11T09:22:51","slug":"autoridades-sanitarias-do-bengo-asseguram-que-a-situacao-da-colera-esta-controlada","status":"publish","type":"post","link":"https:\/\/rna.ao\/rna.ao\/2026\/03\/11\/autoridades-sanitarias-do-bengo-asseguram-que-a-situacao-da-colera-esta-controlada\/","title":{"rendered":"Autoridades sanit\u00e1rias do Bengo asseguram que a situa\u00e7\u00e3o da c\u00f3lera est\u00e1 controlada"},"content":{"rendered":"<p><img loading=\"lazy\" class=\"alignnone size-medium wp-image-176322\" src=\"https:\/\/rna.ao\/rna.ao\/wp-content\/uploads\/2025\/04\/IMG_2996-770x546.jpeg\" alt=\"\" width=\"770\" height=\"546\" srcset=\"https:\/\/rna.ao\/rna.ao\/wp-content\/uploads\/2025\/04\/IMG_2996-770x546.jpeg 770w, https:\/\/rna.ao\/rna.ao\/wp-content\/uploads\/2025\/04\/IMG_2996-768x544.jpeg 768w, https:\/\/rna.ao\/rna.ao\/wp-content\/uploads\/2025\/04\/IMG_2996.jpeg 1016w\" sizes=\"(max-width: 770px) 100vw, 770px\" \/><\/p>\n<p>Est\u00e1 controlada a situa\u00e7\u00e3o da c\u00f3lera na Prov\u00edncia do Bengo.\u00a0As autoridades sanit\u00e1rias afirmam que a prov\u00edncia n\u00e3o registou novos casos da doen\u00e7a nos \u00faltimos meses.<\/p>\n<p>A Prov\u00edncia do Bengo foi uma das mais afectadas no ano passado com um registo de mais de tr\u00eas mil casos e 122 mortes. Jornalista Vladimiro Afonso. Clique abaixo o audio e ou\u00e7a:<\/p>\n\t<div class=\"qtmplayer-playlist-large\">\n\t\t<ul class=\"qtmplayer-playlist\">\n\t\t\t\n\t\t\t\t\t<li class=\"qtmplayer-trackitem\">\n\t\t<img src=\"https:\/\/rna.ao\/rna.ao\/wp-content\/uploads\/2025\/04\/IMG_2996-100x100.jpeg\" alt=\"cover\">\t\t<span \t\t\tdata-qtmplayer-cover=\"https:\/\/rna.ao\/rna.ao\/wp-content\/uploads\/2025\/04\/IMG_2996-370x370.jpeg\"\n\t\t\t\t\t\tdata-qtmplayer-file=\"https:\/\/rna.ao\/rna.ao\/wp-content\/uploads\/2026\/03\/BENGO-COLERA-07-HRS.mp3\"\n\t\t\t\t\t\tdata-qtmplayer-title=\"Autoridades sanit\u00e1rias do Bengo asseguram que a situa\u00e7\u00e3o da c\u00f3lera est\u00e1 controlada\"\n\t\t\t\t\t\tdata-qtmplayer-artist=\"Patr\u00edcia Campos\"\n\t\t\t\t\t\tdata-qtmplayer-link=\"https:\/\/rna.ao\/rna.ao\/2026\/03\/11\/autoridades-sanitarias-do-bengo-asseguram-que-a-situacao-da-colera-esta-controlada\/\"\n\t\t\t\t\t\tdata-qtmplayer-icon=\"file_download\"\n\t\t\t\t\t\tdata-qtmplayer-type=\"track\"\n\t\t\t class=\"qtmplayer-play qtmplayer-link-sec qtmplayer-play-btn\"><i class='material-icons'>play_arrow<\/i><\/span>\n\t\t<p>\n\t\t\t<span class=\"qtmplayer-tit\">Autoridades sanit\u00e1rias do Bengo asseguram que a situa\u00e7\u00e3o da c\u00f3lera est\u00e1 controlada<\/span>\n\t\t\t<span class=\"qtmplayer-art\">Patr\u00edcia Campos<\/span>\n\t\t<\/p>\n\t<\/li>\n\t\t<\/ul>\n\t<\/div>\t\t\t\n\t\n<p>&nbsp;<\/p>\n<p>&nbsp;<\/p>\n","protected":false},"excerpt":{"rendered":"<p>Est\u00e1 controlada a situa\u00e7\u00e3o da c\u00f3lera na Prov\u00edncia do Bengo.\u00a0As autoridades sanit\u00e1rias afirmam que a prov\u00edncia n\u00e3o registou novos casos da doen\u00e7a nos \u00faltimos meses. A Prov\u00edncia do Bengo foi uma das mais afectadas no ano passado com um registo de mais de tr\u00eas mil casos e 122 mortes. Jornalista ...<\/p>\n","protected":false},"author":21,"featured_media":176322,"comment_status":"closed","ping_status":"closed","sticky":false,"template":"","format":"standard","meta":[],"categories":[142,121,164,163,1],"tags":[],"_links":{"self":[{"href":"https:\/\/rna.ao\/rna.ao\/wp-json\/wp\/v2\/posts\/210114"}],"collection":[{"href":"https:\/\/rna.ao\/rna.ao\/wp-json\/wp\/v2\/posts"}],"about":[{"href":"https:\/\/rna.ao\/rna.ao\/wp-json\/wp\/v2\/types\/post"}],"author":[{"embeddable":true,"href":"https:\/\/rna.ao\/rna.ao\/wp-json\/wp\/v2\/users\/21"}],"replies":[{"embeddable":true,"href":"https:\/\/rna.ao\/rna.ao\/wp-json\/wp\/v2\/comments?post=210114"}],"version-history":[{"count":2,"href":"https:\/\/rna.ao\/rna.ao\/wp-json\/wp\/v2\/posts\/210114\/revisions"}],"predecessor-version":[{"id":210118,"href":"https:\/\/rna.ao\/rna.ao\/wp-json\/wp\/v2\/posts\/210114\/revisions\/210118"}],"wp:featuredmedia":[{"embeddable":true,"href":"https:\/\/rna.ao\/rna.ao\/wp-json\/wp\/v2\/media\/176322"}],"wp:attachment":[{"href":"https:\/\/rna.ao\/rna.ao\/wp-json\/wp\/v2\/media?parent=210114"}],"wp:term":[{"taxonomy":"category","embeddable":true,"href":"https:\/\/rna.ao\/rna.ao\/wp-json\/wp\/v2\/categories?post=210114"},{"taxonomy":"post_tag","embeddable":true,"href":"https:\/\/rna.ao\/rna.ao\/wp-json\/wp\/v2\/tags?post=210114"}],"curies":[{"name":"wp","href":"https:\/\/api.w.org\/{rel}","templated":true}]}}