{"id":210106,"date":"2026-03-11T09:18:41","date_gmt":"2026-03-11T08:18:41","guid":{"rendered":"https:\/\/rna.ao\/rna.ao\/?p=210106"},"modified":"2026-03-11T09:18:41","modified_gmt":"2026-03-11T08:18:41","slug":"executivo-autoriza-despesa-para-a-construcao-de-habitacoes-sociais-destinadas-aos-antigos-combatentes-e-portadores-de-deficiencia-em-quatro-provincias-do-pais","status":"publish","type":"post","link":"https:\/\/rna.ao\/rna.ao\/2026\/03\/11\/executivo-autoriza-despesa-para-a-construcao-de-habitacoes-sociais-destinadas-aos-antigos-combatentes-e-portadores-de-deficiencia-em-quatro-provincias-do-pais\/","title":{"rendered":"Executivo autoriza despesa para a constru\u00e7\u00e3o de habita\u00e7\u00f5es sociais destinadas aos antigos combatentes e portadores de defici\u00eancia em quatro prov\u00edncias do Pa\u00eds"},"content":{"rendered":"<p><img loading=\"lazy\" class=\"alignnone size-medium wp-image-194857\" src=\"https:\/\/rna.ao\/rna.ao\/wp-content\/uploads\/2025\/10\/infraestruturas-sociais-em-angola-casas-770x432.jpg\" alt=\"\" width=\"770\" height=\"432\" srcset=\"https:\/\/rna.ao\/rna.ao\/wp-content\/uploads\/2025\/10\/infraestruturas-sociais-em-angola-casas-770x432.jpg 770w, https:\/\/rna.ao\/rna.ao\/wp-content\/uploads\/2025\/10\/infraestruturas-sociais-em-angola-casas-768x431.jpg 768w, https:\/\/rna.ao\/rna.ao\/wp-content\/uploads\/2025\/10\/infraestruturas-sociais-em-angola-casas.jpg 900w\" sizes=\"(max-width: 770px) 100vw, 770px\" \/><\/p>\n<p>Executivo autoriza a despesa para a constru\u00e7\u00e3o de habita\u00e7\u00f5es sociais destinadas ao realojamento de antigos combatentes e portadores de defici\u00eancia nas prov\u00edncias do Icolo e Bengo, Bengo, Bi\u00e9, Moxico e Cubango<\/p>\n<p>A decis\u00e3o, consta do Despacho Presidencial n.\u00ba 75\/26, de 9 de Mar\u00e7o, enquadra-se na implementa\u00e7\u00e3o das pol\u00edticas p\u00fablicas de habita\u00e7\u00e3o do Executivo com especial aten\u00e7\u00e3o \u00e0 inclus\u00e3o social e ao reconhecimento do contributo hist\u00f3rico dos antigos combatentes.<\/p>\n<p>De acordo com o documento, a execu\u00e7\u00e3o do projecto dever\u00e1 produzir um impacto social estruturante e contribuir directamente para a melhoria efectiva das condi\u00e7\u00f5es de vida dos antigos combatentes portadores de defici\u00eancia e das suas fam\u00edlias.<\/p>\n<p>No \u00e2mbito do despacho \u00e9 igualmente autorizada a abertura de um Procedimento de Contrata\u00e7\u00e3o Simplificada, pelo crit\u00e9rio material, por aptid\u00e3o t\u00e9cnica, para a celebra\u00e7\u00e3o de v\u00e1rios contratos ligados \u00e0 execu\u00e7\u00e3o do projecto.<\/p>\n<p>O Despacho Presidencial delega compet\u00eancias ao ministro das Obras P\u00fablicas, Urbanismo e Habita\u00e7\u00e3o, com faculdade de subdelegar, para a pr\u00e1tica de todos os actos decis\u00f3rios e de aprova\u00e7\u00e3o tutelar, incluindo a celebra\u00e7\u00e3o e assinatura dos contratos acima referidos.<\/p>\n<p>O documento autoriza ainda a inscri\u00e7\u00e3o do projecto no Programa de Investimentos P\u00fablicos no \u00e2mbito do Or\u00e7amento Geral do Estado para 2026.<\/p>\n<p>&nbsp;<\/p>\n<p>&nbsp;<\/p>\n","protected":false},"excerpt":{"rendered":"<p>Executivo autoriza a despesa para a constru\u00e7\u00e3o de habita\u00e7\u00f5es sociais destinadas ao realojamento de antigos combatentes e portadores de defici\u00eancia nas prov\u00edncias do Icolo e Bengo, Bengo, Bi\u00e9, Moxico e Cubango A decis\u00e3o, consta do Despacho Presidencial n.\u00ba 75\/26, de 9 de Mar\u00e7o, enquadra-se na implementa\u00e7\u00e3o das pol\u00edticas p\u00fablicas de ...<\/p>\n","protected":false},"author":21,"featured_media":194857,"comment_status":"closed","ping_status":"closed","sticky":false,"template":"","format":"standard","meta":[],"categories":[142,121,164,163],"tags":[],"_links":{"self":[{"href":"https:\/\/rna.ao\/rna.ao\/wp-json\/wp\/v2\/posts\/210106"}],"collection":[{"href":"https:\/\/rna.ao\/rna.ao\/wp-json\/wp\/v2\/posts"}],"about":[{"href":"https:\/\/rna.ao\/rna.ao\/wp-json\/wp\/v2\/types\/post"}],"author":[{"embeddable":true,"href":"https:\/\/rna.ao\/rna.ao\/wp-json\/wp\/v2\/users\/21"}],"replies":[{"embeddable":true,"href":"https:\/\/rna.ao\/rna.ao\/wp-json\/wp\/v2\/comments?post=210106"}],"version-history":[{"count":1,"href":"https:\/\/rna.ao\/rna.ao\/wp-json\/wp\/v2\/posts\/210106\/revisions"}],"predecessor-version":[{"id":210108,"href":"https:\/\/rna.ao\/rna.ao\/wp-json\/wp\/v2\/posts\/210106\/revisions\/210108"}],"wp:featuredmedia":[{"embeddable":true,"href":"https:\/\/rna.ao\/rna.ao\/wp-json\/wp\/v2\/media\/194857"}],"wp:attachment":[{"href":"https:\/\/rna.ao\/rna.ao\/wp-json\/wp\/v2\/media?parent=210106"}],"wp:term":[{"taxonomy":"category","embeddable":true,"href":"https:\/\/rna.ao\/rna.ao\/wp-json\/wp\/v2\/categories?post=210106"},{"taxonomy":"post_tag","embeddable":true,"href":"https:\/\/rna.ao\/rna.ao\/wp-json\/wp\/v2\/tags?post=210106"}],"curies":[{"name":"wp","href":"https:\/\/api.w.org\/{rel}","templated":true}]}}