{"id":210061,"date":"2026-03-11T07:21:38","date_gmt":"2026-03-11T06:21:38","guid":{"rendered":"https:\/\/rna.ao\/rna.ao\/?p=210061"},"modified":"2026-03-11T07:21:38","modified_gmt":"2026-03-11T06:21:38","slug":"ministro-reune-se-com-governadores-do-huambo-e-malanje-para-avaliar-projectos-em-curso","status":"publish","type":"post","link":"https:\/\/rna.ao\/rna.ao\/2026\/03\/11\/ministro-reune-se-com-governadores-do-huambo-e-malanje-para-avaliar-projectos-em-curso\/","title":{"rendered":"Ministro re\u00fane-se com governadores do Huambo e Malanje para avaliar projectos em curso"},"content":{"rendered":"<div class=\"x14z9mp xat24cr x1lziwak x1vvkbs xtlvy1s x126k92a\">\n<div dir=\"auto\"><img loading=\"lazy\" class=\"size-full wp-image-210062 alignleft\" src=\"https:\/\/rna.ao\/rna.ao\/wp-content\/uploads\/2026\/03\/Ministro-das-Obras-Publicas-Urbanismo-e-Habitacao-Carlos-Alberto-dos-Santos.jpg\" alt=\"\" width=\"360\" height=\"270\" \/>O Ministro das Obras P\u00fablicas, Urbanismo e Habita\u00e7\u00e3o, Carlos Alberto dos Santos, recebeu ontem, ter\u00e7a-feira, 10, em audi\u00eancia, os governadores das prov\u00edncias do Huambo e de Malanje, Pereira Alfredo e Marcos Nhunga, respectivamente, para uma reuni\u00e3o de concerta\u00e7\u00e3o e avalia\u00e7\u00e3o dos principais projectos em execu\u00e7\u00e3o, e por iniciar, nas duas regi\u00f5es.<\/div>\n<\/div>\n<div class=\"x14z9mp xat24cr x1lziwak x1vvkbs xtlvy1s x126k92a\">\n<div dir=\"auto\">Durante os encontros, os governantes receberam informa\u00e7\u00f5es detalhadas sobre o estado de implementa\u00e7\u00e3o de v\u00e1rios projectos ligados aos sectores de estradas, habita\u00e7\u00e3o, infra-estruturas urbanas, processos erosivos (ravinas) e edif\u00edcios p\u00fablicos nas respectivas prov\u00edncias.<\/div>\n<\/div>\n<div class=\"x14z9mp xat24cr x1lziwak x1vvkbs xtlvy1s x126k92a\">\n<div dir=\"auto\">Relativamente \u00e0 prov\u00edncia do Huambo, o governador Pereira Alfredo foi informado sobre processos administrativo, ou condi\u00e7\u00f5es de preced\u00eancia, que dever\u00e3o garantir o arranque, brevemente, de importantes obras de impacto social e econ\u00f4mico.<\/div>\n<\/div>\n<div class=\"x14z9mp xat24cr x1lziwak x1vvkbs xtlvy1s x126k92a\">\n<div dir=\"auto\">Numa outra audi\u00eancia, o ministro recebeu o governador da prov\u00edncia de Malanje, Marcos Nhunga, com quem abordou o andamento das obras de infra-estruturas integradas em curso na prov\u00edncia. *Entre os projectos destacados est\u00e1 a Centralidade da Carreira de Tiro e outras infra-estruturas rodovi\u00e1rias.<\/div>\n<div dir=\"auto\"><\/div>\n<\/div>\n<div class=\"x14z9mp xat24cr x1lziwak x1vvkbs xtlvy1s x126k92a\">\n<div dir=\"auto\">Na chamada prov\u00edncia da Palanca Negra, est\u00e1 tamb\u00e9m prevista a constru\u00e7\u00e3o da Estrada Circular de Malanje, bem como a implementa\u00e7\u00e3o de medidas para a conten\u00e7\u00e3o e estabiliza\u00e7\u00e3o de ravinas consideradas emergenciais.<\/div>\n<\/div>\n<div class=\"x14z9mp xat24cr x1lziwak x1vvkbs xtlvy1s x126k92a\">\n<div dir=\"auto\">No final dos encontros, os governadores manifestaram satisfa\u00e7\u00e3o pelo n\u00edvel de alinhamento e reiteraram a import\u00e2ncia da concerta\u00e7\u00e3o permanente.<\/div>\n<\/div>\n","protected":false},"excerpt":{"rendered":"<p>O Ministro das Obras P\u00fablicas, Urbanismo e Habita\u00e7\u00e3o, Carlos Alberto dos Santos, recebeu ontem, ter\u00e7a-feira, 10, em audi\u00eancia, os governadores das prov\u00edncias do Huambo e de Malanje, Pereira Alfredo e Marcos Nhunga, respectivamente, para uma reuni\u00e3o de concerta\u00e7\u00e3o e avalia\u00e7\u00e3o dos principais projectos em execu\u00e7\u00e3o, e por iniciar, nas duas ...<\/p>\n","protected":false},"author":23,"featured_media":210062,"comment_status":"closed","ping_status":"closed","sticky":false,"template":"","format":"standard","meta":[],"categories":[142,121,163],"tags":[],"_links":{"self":[{"href":"https:\/\/rna.ao\/rna.ao\/wp-json\/wp\/v2\/posts\/210061"}],"collection":[{"href":"https:\/\/rna.ao\/rna.ao\/wp-json\/wp\/v2\/posts"}],"about":[{"href":"https:\/\/rna.ao\/rna.ao\/wp-json\/wp\/v2\/types\/post"}],"author":[{"embeddable":true,"href":"https:\/\/rna.ao\/rna.ao\/wp-json\/wp\/v2\/users\/23"}],"replies":[{"embeddable":true,"href":"https:\/\/rna.ao\/rna.ao\/wp-json\/wp\/v2\/comments?post=210061"}],"version-history":[{"count":1,"href":"https:\/\/rna.ao\/rna.ao\/wp-json\/wp\/v2\/posts\/210061\/revisions"}],"predecessor-version":[{"id":210063,"href":"https:\/\/rna.ao\/rna.ao\/wp-json\/wp\/v2\/posts\/210061\/revisions\/210063"}],"wp:featuredmedia":[{"embeddable":true,"href":"https:\/\/rna.ao\/rna.ao\/wp-json\/wp\/v2\/media\/210062"}],"wp:attachment":[{"href":"https:\/\/rna.ao\/rna.ao\/wp-json\/wp\/v2\/media?parent=210061"}],"wp:term":[{"taxonomy":"category","embeddable":true,"href":"https:\/\/rna.ao\/rna.ao\/wp-json\/wp\/v2\/categories?post=210061"},{"taxonomy":"post_tag","embeddable":true,"href":"https:\/\/rna.ao\/rna.ao\/wp-json\/wp\/v2\/tags?post=210061"}],"curies":[{"name":"wp","href":"https:\/\/api.w.org\/{rel}","templated":true}]}}