{"id":210052,"date":"2026-03-10T21:12:33","date_gmt":"2026-03-10T20:12:33","guid":{"rendered":"https:\/\/rna.ao\/rna.ao\/?p=210052"},"modified":"2026-03-10T21:12:33","modified_gmt":"2026-03-10T20:12:33","slug":"ordem-dos-medicos-reafirma-compromisso-com-etica-e-atendimento-humanizado","status":"publish","type":"post","link":"https:\/\/rna.ao\/rna.ao\/2026\/03\/10\/ordem-dos-medicos-reafirma-compromisso-com-etica-e-atendimento-humanizado\/","title":{"rendered":"Ordem dos M\u00e9dicos reafirma compromisso com \u00e9tica e atendimento humanizado"},"content":{"rendered":"<p><img loading=\"lazy\" class=\"alignnone size-medium wp-image-210053\" src=\"https:\/\/rna.ao\/rna.ao\/wp-content\/uploads\/2026\/03\/IMG_0453-770x513.jpeg\" alt=\"\" width=\"770\" height=\"513\" srcset=\"https:\/\/rna.ao\/rna.ao\/wp-content\/uploads\/2026\/03\/IMG_0453-770x513.jpeg 770w, https:\/\/rna.ao\/rna.ao\/wp-content\/uploads\/2026\/03\/IMG_0453-1170x779.jpeg 1170w, https:\/\/rna.ao\/rna.ao\/wp-content\/uploads\/2026\/03\/IMG_0453-768x511.jpeg 768w, https:\/\/rna.ao\/rna.ao\/wp-content\/uploads\/2026\/03\/IMG_0453.jpeg 1200w\" sizes=\"(max-width: 770px) 100vw, 770px\" \/><\/p>\n<p>A baston\u00e1ria da Ordem dos M\u00e9dicos Angolanos, Jeovita Andr\u00e9, reafirmou \u00e0 Vice-Presidente da Rep\u00fablica, Esperan\u00e7a da Costa, o compromisso da classe m\u00e9dica com o cumprimento das normas \u00e9ticas e deontol\u00f3gicas no exerc\u00edcio da profiss\u00e3o.<\/p>\n<p>A posi\u00e7\u00e3o foi manifestada esta ter\u00e7a-feira, em Luanda, no final de uma audi\u00eancia concedida pela Vice-Presidente da Rep\u00fablica.<\/p>\n<p>Falando \u00e0 imprensa, Jeovita Andr\u00e9 reconheceu que os profissionais de sa\u00fade enfrentam v\u00e1rios desafios e defendeu maior empatia e humaniza\u00e7\u00e3o no atendimento aos utentes, sublinhando a necessidade de refor\u00e7ar uma pr\u00e1tica m\u00e9dica centrada no doente.<\/p>\n<p>A baston\u00e1ria admitiu que ainda se verificam casos de incumprimento dos princ\u00edpios \u00e9ticos por parte de alguns profissionais, mas garantiu que a Ordem dos M\u00e9dicos est\u00e1 a trabalhar para apurar responsabilidades e aplicar as medidas disciplinares previstas.<\/p>\n<p>Durante o encontro, Jeovita Andr\u00e9 informou igualmente a Vice-Presidente da Rep\u00fablica sobre as conclus\u00f5es do encontro que assinalou o Dia do M\u00e9dico em Angola, realizado a 26 de Janeiro, que reuniu mais de 600 profissionais e analisou os principais desafios do Sistema Nacional de Sa\u00fade.<\/p>\n<p>Segundo a respons\u00e1vel, Esperan\u00e7a da Costa encorajou a classe m\u00e9dica a manter a uni\u00e3o, apostar na investiga\u00e7\u00e3o cient\u00edfica e refor\u00e7ar as parcerias institucionais.<\/p>\n<p>A baston\u00e1ria destacou ainda os investimentos feitos no sector da sa\u00fade, incluindo o programa governamental de atribui\u00e7\u00e3o de 38 mil bolsas de estudo, das quais tr\u00eas mil destinadas a m\u00e9dicos.<\/p>\n<p>Actualmente, a Ordem dos M\u00e9dicos Angolanos conta com 15.707 m\u00e9dicos inscritos, entre os quais 2.600 dentistas e 1.600 m\u00e9dicos estrangeiros.<\/p>\n","protected":false},"excerpt":{"rendered":"<p>A baston\u00e1ria da Ordem dos M\u00e9dicos Angolanos, Jeovita Andr\u00e9, reafirmou \u00e0 Vice-Presidente da Rep\u00fablica, Esperan\u00e7a da Costa, o compromisso da classe m\u00e9dica com o cumprimento das normas \u00e9ticas e deontol\u00f3gicas no exerc\u00edcio da profiss\u00e3o. A posi\u00e7\u00e3o foi manifestada esta ter\u00e7a-feira, em Luanda, no final de uma audi\u00eancia concedida pela Vice-Presidente ...<\/p>\n","protected":false},"author":9,"featured_media":210054,"comment_status":"closed","ping_status":"closed","sticky":false,"template":"","format":"standard","meta":[],"categories":[121,163],"tags":[],"_links":{"self":[{"href":"https:\/\/rna.ao\/rna.ao\/wp-json\/wp\/v2\/posts\/210052"}],"collection":[{"href":"https:\/\/rna.ao\/rna.ao\/wp-json\/wp\/v2\/posts"}],"about":[{"href":"https:\/\/rna.ao\/rna.ao\/wp-json\/wp\/v2\/types\/post"}],"author":[{"embeddable":true,"href":"https:\/\/rna.ao\/rna.ao\/wp-json\/wp\/v2\/users\/9"}],"replies":[{"embeddable":true,"href":"https:\/\/rna.ao\/rna.ao\/wp-json\/wp\/v2\/comments?post=210052"}],"version-history":[{"count":1,"href":"https:\/\/rna.ao\/rna.ao\/wp-json\/wp\/v2\/posts\/210052\/revisions"}],"predecessor-version":[{"id":210055,"href":"https:\/\/rna.ao\/rna.ao\/wp-json\/wp\/v2\/posts\/210052\/revisions\/210055"}],"wp:featuredmedia":[{"embeddable":true,"href":"https:\/\/rna.ao\/rna.ao\/wp-json\/wp\/v2\/media\/210054"}],"wp:attachment":[{"href":"https:\/\/rna.ao\/rna.ao\/wp-json\/wp\/v2\/media?parent=210052"}],"wp:term":[{"taxonomy":"category","embeddable":true,"href":"https:\/\/rna.ao\/rna.ao\/wp-json\/wp\/v2\/categories?post=210052"},{"taxonomy":"post_tag","embeddable":true,"href":"https:\/\/rna.ao\/rna.ao\/wp-json\/wp\/v2\/tags?post=210052"}],"curies":[{"name":"wp","href":"https:\/\/api.w.org\/{rel}","templated":true}]}}