{"id":210040,"date":"2026-03-10T19:55:40","date_gmt":"2026-03-10T18:55:40","guid":{"rendered":"https:\/\/rna.ao\/rna.ao\/?p=210040"},"modified":"2026-03-10T19:55:40","modified_gmt":"2026-03-10T18:55:40","slug":"italia-quer-reforcar-cooperacao-estrategica-com-angola","status":"publish","type":"post","link":"https:\/\/rna.ao\/rna.ao\/2026\/03\/10\/italia-quer-reforcar-cooperacao-estrategica-com-angola\/","title":{"rendered":"It\u00e1lia quer refor\u00e7ar coopera\u00e7\u00e3o estrat\u00e9gica com Angola"},"content":{"rendered":"<p><img loading=\"lazy\" class=\"alignnone size-medium wp-image-210041\" src=\"https:\/\/rna.ao\/rna.ao\/wp-content\/uploads\/2026\/03\/IMG_0444-770x513.jpeg\" alt=\"\" width=\"770\" height=\"513\" srcset=\"https:\/\/rna.ao\/rna.ao\/wp-content\/uploads\/2026\/03\/IMG_0444-770x513.jpeg 770w, https:\/\/rna.ao\/rna.ao\/wp-content\/uploads\/2026\/03\/IMG_0444-768x512.jpeg 768w, https:\/\/rna.ao\/rna.ao\/wp-content\/uploads\/2026\/03\/IMG_0444.jpeg 960w\" sizes=\"(max-width: 770px) 100vw, 770px\" \/><\/p>\n<p>A It\u00e1lia manifestou hoje o interesse em refor\u00e7ar a coopera\u00e7\u00e3o estrat\u00e9gica com Angola, com destaque para o desenvolvimento do Corredor do Lobito.<\/p>\n<p>Segundo o embaixador da It\u00e1lia em Angola, o interc\u00e2mbio econ\u00f3mico entre os dois pa\u00edses atingiu 1,2 mil milh\u00f5es de euros, consolidando Angola como um parceiro priorit\u00e1rio de It\u00e1lia no continente africano.<\/p>\n<p>O diplomata afirmou que o objectivo \u00e9 elevar ainda mais o n\u00edvel das rela\u00e7\u00f5es econ\u00f3micas, atrav\u00e9s do aumento de investimentos e da implementa\u00e7\u00e3o de novos projectos de desenvolvimento conjunto entre os dois Estados. Jornalista Ant\u00f3nio Chocolate. Clique no \u00e1udio abaixo e ou\u00e7a :<\/p>\n\t<div class=\"qtmplayer-playlist-large\">\n\t\t<ul class=\"qtmplayer-playlist\">\n\t\t\t\n\t\t\t\t\t<li class=\"qtmplayer-trackitem\">\n\t\t<img src=\"https:\/\/rna.ao\/rna.ao\/wp-content\/uploads\/2026\/03\/IMG_0447-100x100.jpeg\" alt=\"cover\">\t\t<span \t\t\tdata-qtmplayer-cover=\"https:\/\/rna.ao\/rna.ao\/wp-content\/uploads\/2026\/03\/IMG_0447-370x370.jpeg\"\n\t\t\t\t\t\tdata-qtmplayer-file=\"https:\/\/rna.ao\/rna.ao\/wp-content\/uploads\/2026\/03\/ANTONIO-CHOCOLATE-ITALIA-13-HORAS.mp3\"\n\t\t\t\t\t\tdata-qtmplayer-title=\"It\u00e1lia quer refor\u00e7ar coopera\u00e7\u00e3o estrat\u00e9gica com Angola\"\n\t\t\t\t\t\tdata-qtmplayer-artist=\"Carla Quipungo\"\n\t\t\t\t\t\tdata-qtmplayer-link=\"https:\/\/rna.ao\/rna.ao\/2026\/03\/10\/italia-quer-reforcar-cooperacao-estrategica-com-angola\/\"\n\t\t\t\t\t\tdata-qtmplayer-icon=\"file_download\"\n\t\t\t\t\t\tdata-qtmplayer-type=\"track\"\n\t\t\t class=\"qtmplayer-play qtmplayer-link-sec qtmplayer-play-btn\"><i class='material-icons'>play_arrow<\/i><\/span>\n\t\t<p>\n\t\t\t<span class=\"qtmplayer-tit\">It\u00e1lia quer refor\u00e7ar coopera\u00e7\u00e3o estrat\u00e9gica com Angola<\/span>\n\t\t\t<span class=\"qtmplayer-art\">Carla Quipungo<\/span>\n\t\t<\/p>\n\t<\/li>\n\t\t<\/ul>\n\t<\/div>\t\t\t\n\t\n","protected":false},"excerpt":{"rendered":"<p>A It\u00e1lia manifestou hoje o interesse em refor\u00e7ar a coopera\u00e7\u00e3o estrat\u00e9gica com Angola, com destaque para o desenvolvimento do Corredor do Lobito. Segundo o embaixador da It\u00e1lia em Angola, o interc\u00e2mbio econ\u00f3mico entre os dois pa\u00edses atingiu 1,2 mil milh\u00f5es de euros, consolidando Angola como um parceiro priorit\u00e1rio de It\u00e1lia ...<\/p>\n","protected":false},"author":9,"featured_media":210042,"comment_status":"closed","ping_status":"closed","sticky":false,"template":"","format":"standard","meta":[],"categories":[142,121,163],"tags":[],"_links":{"self":[{"href":"https:\/\/rna.ao\/rna.ao\/wp-json\/wp\/v2\/posts\/210040"}],"collection":[{"href":"https:\/\/rna.ao\/rna.ao\/wp-json\/wp\/v2\/posts"}],"about":[{"href":"https:\/\/rna.ao\/rna.ao\/wp-json\/wp\/v2\/types\/post"}],"author":[{"embeddable":true,"href":"https:\/\/rna.ao\/rna.ao\/wp-json\/wp\/v2\/users\/9"}],"replies":[{"embeddable":true,"href":"https:\/\/rna.ao\/rna.ao\/wp-json\/wp\/v2\/comments?post=210040"}],"version-history":[{"count":1,"href":"https:\/\/rna.ao\/rna.ao\/wp-json\/wp\/v2\/posts\/210040\/revisions"}],"predecessor-version":[{"id":210043,"href":"https:\/\/rna.ao\/rna.ao\/wp-json\/wp\/v2\/posts\/210040\/revisions\/210043"}],"wp:featuredmedia":[{"embeddable":true,"href":"https:\/\/rna.ao\/rna.ao\/wp-json\/wp\/v2\/media\/210042"}],"wp:attachment":[{"href":"https:\/\/rna.ao\/rna.ao\/wp-json\/wp\/v2\/media?parent=210040"}],"wp:term":[{"taxonomy":"category","embeddable":true,"href":"https:\/\/rna.ao\/rna.ao\/wp-json\/wp\/v2\/categories?post=210040"},{"taxonomy":"post_tag","embeddable":true,"href":"https:\/\/rna.ao\/rna.ao\/wp-json\/wp\/v2\/tags?post=210040"}],"curies":[{"name":"wp","href":"https:\/\/api.w.org\/{rel}","templated":true}]}}