{"id":210031,"date":"2026-03-10T18:52:38","date_gmt":"2026-03-10T17:52:38","guid":{"rendered":"https:\/\/rna.ao\/rna.ao\/?p=210031"},"modified":"2026-03-10T18:52:38","modified_gmt":"2026-03-10T17:52:38","slug":"embaixadora-de-angola-em-portugal-destaca-bom-momento-das-relacoes-entre-os-dois-paises","status":"publish","type":"post","link":"https:\/\/rna.ao\/rna.ao\/2026\/03\/10\/embaixadora-de-angola-em-portugal-destaca-bom-momento-das-relacoes-entre-os-dois-paises\/","title":{"rendered":"Embaixadora de Angola em Portugal destaca bom momento das rela\u00e7\u00f5es entre os dois pa\u00edses"},"content":{"rendered":"<p><img loading=\"lazy\" class=\"alignnone size-full wp-image-210032\" src=\"https:\/\/rna.ao\/rna.ao\/wp-content\/uploads\/2026\/03\/IMG_0433.jpeg\" alt=\"\" width=\"620\" height=\"465\" \/><br \/>\nA embaixadora de Angola em Portugal, Maria de Jesus Ferreira, afirmou que as rela\u00e7\u00f5es entre os dois pa\u00edses vivem actualmente um bom momento, marcado pelo refor\u00e7o da coopera\u00e7\u00e3o em diversos sectores.<\/p>\n<p>A diplomata destacou igualmente o contributo das empresas portuguesas para o crescimento econ\u00f3mico de Angola, sublinhando a import\u00e2ncia da parceria econ\u00f3mica entre os dois Estados.<\/p>\n<p>Maria de Jesus Ferreira referiu ainda que a comunidade angolana residente em Portugal continua a ser significativa, embora alguns cidad\u00e3os ainda enfrentem dificuldades relacionadas com o processo de legaliza\u00e7\u00e3o no pa\u00eds. Jornalista Helder Silva. Clique no \u00e1udio e ou\u00e7a.<\/p>\n\t<div class=\"qtmplayer-playlist-large\">\n\t\t<ul class=\"qtmplayer-playlist\">\n\t\t\t\n\t\t\t\t\t<li class=\"qtmplayer-trackitem\">\n\t\t<img src=\"https:\/\/rna.ao\/rna.ao\/wp-content\/uploads\/2026\/03\/IMG_0433-100x100.jpeg\" alt=\"cover\">\t\t<span \t\t\tdata-qtmplayer-cover=\"https:\/\/rna.ao\/rna.ao\/wp-content\/uploads\/2026\/03\/IMG_0433-370x370.jpeg\"\n\t\t\t\t\t\tdata-qtmplayer-file=\"https:\/\/rna.ao\/rna.ao\/wp-content\/uploads\/2026\/03\/HELDER-SILVA-PORTUGAL-13HRS.mp3\"\n\t\t\t\t\t\tdata-qtmplayer-title=\"Embaixadora de Angola em Portugal destaca bom momento das rela\u00e7\u00f5es entre os dois pa\u00edses\"\n\t\t\t\t\t\tdata-qtmplayer-artist=\"Carla Quipungo\"\n\t\t\t\t\t\tdata-qtmplayer-link=\"https:\/\/rna.ao\/rna.ao\/2026\/03\/10\/embaixadora-de-angola-em-portugal-destaca-bom-momento-das-relacoes-entre-os-dois-paises\/\"\n\t\t\t\t\t\tdata-qtmplayer-icon=\"file_download\"\n\t\t\t\t\t\tdata-qtmplayer-type=\"track\"\n\t\t\t class=\"qtmplayer-play qtmplayer-link-sec qtmplayer-play-btn\"><i class='material-icons'>play_arrow<\/i><\/span>\n\t\t<p>\n\t\t\t<span class=\"qtmplayer-tit\">Embaixadora de Angola em Portugal destaca bom momento das rela\u00e7\u00f5es entre os dois pa\u00edses<\/span>\n\t\t\t<span class=\"qtmplayer-art\">Carla Quipungo<\/span>\n\t\t<\/p>\n\t<\/li>\n\t\t<\/ul>\n\t<\/div>\t\t\t\n\t\n","protected":false},"excerpt":{"rendered":"<p>A embaixadora de Angola em Portugal, Maria de Jesus Ferreira, afirmou que as rela\u00e7\u00f5es entre os dois pa\u00edses vivem actualmente um bom momento, marcado pelo refor\u00e7o da coopera\u00e7\u00e3o em diversos sectores. A diplomata destacou igualmente o contributo das empresas portuguesas para o crescimento econ\u00f3mico de Angola, sublinhando a import\u00e2ncia da ...<\/p>\n","protected":false},"author":9,"featured_media":210032,"comment_status":"closed","ping_status":"closed","sticky":false,"template":"","format":"standard","meta":[],"categories":[142,121,163],"tags":[],"_links":{"self":[{"href":"https:\/\/rna.ao\/rna.ao\/wp-json\/wp\/v2\/posts\/210031"}],"collection":[{"href":"https:\/\/rna.ao\/rna.ao\/wp-json\/wp\/v2\/posts"}],"about":[{"href":"https:\/\/rna.ao\/rna.ao\/wp-json\/wp\/v2\/types\/post"}],"author":[{"embeddable":true,"href":"https:\/\/rna.ao\/rna.ao\/wp-json\/wp\/v2\/users\/9"}],"replies":[{"embeddable":true,"href":"https:\/\/rna.ao\/rna.ao\/wp-json\/wp\/v2\/comments?post=210031"}],"version-history":[{"count":1,"href":"https:\/\/rna.ao\/rna.ao\/wp-json\/wp\/v2\/posts\/210031\/revisions"}],"predecessor-version":[{"id":210033,"href":"https:\/\/rna.ao\/rna.ao\/wp-json\/wp\/v2\/posts\/210031\/revisions\/210033"}],"wp:featuredmedia":[{"embeddable":true,"href":"https:\/\/rna.ao\/rna.ao\/wp-json\/wp\/v2\/media\/210032"}],"wp:attachment":[{"href":"https:\/\/rna.ao\/rna.ao\/wp-json\/wp\/v2\/media?parent=210031"}],"wp:term":[{"taxonomy":"category","embeddable":true,"href":"https:\/\/rna.ao\/rna.ao\/wp-json\/wp\/v2\/categories?post=210031"},{"taxonomy":"post_tag","embeddable":true,"href":"https:\/\/rna.ao\/rna.ao\/wp-json\/wp\/v2\/tags?post=210031"}],"curies":[{"name":"wp","href":"https:\/\/api.w.org\/{rel}","templated":true}]}}