{"id":210010,"date":"2026-03-10T20:03:46","date_gmt":"2026-03-10T19:03:46","guid":{"rendered":"https:\/\/rna.ao\/rna.ao\/?p=210010"},"modified":"2026-03-10T20:03:59","modified_gmt":"2026-03-10T19:03:59","slug":"gpl-garante-retirada-de-brinquedos-com-teor-ofensivo-do-mercado","status":"publish","type":"post","link":"https:\/\/rna.ao\/rna.ao\/2026\/03\/10\/gpl-garante-retirada-de-brinquedos-com-teor-ofensivo-do-mercado\/","title":{"rendered":"GPL garante retirada de brinquedos com teor ofensivo do mercado"},"content":{"rendered":"<p><img loading=\"lazy\" class=\"alignnone size-full wp-image-210045\" src=\"https:\/\/rna.ao\/rna.ao\/wp-content\/uploads\/2026\/03\/IMG_0448.jpeg\" alt=\"\" width=\"400\" height=\"209\" \/>O Governo da Prov\u00edncia de Luanda (GPL) garante continuar a trabalhar com as autoridades competentes no sentido de retirar de circula\u00e7\u00e3o todos os brinquedos com teor ofensivo comercializados no mercado.<\/p>\n<p>A garantia foi dada pelo director provincial de Desenvolvimento Integrado do GPL, Dorivaldo Ad\u00e3o, em reac\u00e7\u00e3o a um v\u00eddeo que denuncia a comercializa\u00e7\u00e3o de pistolas de brinquedo numa das lojas da superf\u00edcie comercial Cidade da China. Clique no \u00e1udio abaixo e ou\u00e7a .<\/p>\n\t<div class=\"qtmplayer-playlist-large\">\n\t\t<ul class=\"qtmplayer-playlist\">\n\t\t\t\n\t\t\t\t\t<li class=\"qtmplayer-trackitem\">\n\t\t<img src=\"https:\/\/rna.ao\/rna.ao\/wp-content\/uploads\/2026\/03\/IMG_0448-100x100.jpeg\" alt=\"cover\">\t\t<span \t\t\tdata-qtmplayer-cover=\"https:\/\/rna.ao\/rna.ao\/wp-content\/uploads\/2026\/03\/IMG_0448.jpeg\"\n\t\t\t\t\t\tdata-qtmplayer-file=\"https:\/\/rna.ao\/rna.ao\/wp-content\/uploads\/2026\/03\/DORIVALDO-ADAO-.mp3\"\n\t\t\t\t\t\tdata-qtmplayer-title=\"GPL garante retirada de brinquedos com teor ofensivo do mercado\"\n\t\t\t\t\t\tdata-qtmplayer-artist=\"Carla Quipungo\"\n\t\t\t\t\t\tdata-qtmplayer-link=\"https:\/\/rna.ao\/rna.ao\/2026\/03\/10\/gpl-garante-retirada-de-brinquedos-com-teor-ofensivo-do-mercado\/\"\n\t\t\t\t\t\tdata-qtmplayer-icon=\"file_download\"\n\t\t\t\t\t\tdata-qtmplayer-type=\"track\"\n\t\t\t class=\"qtmplayer-play qtmplayer-link-sec qtmplayer-play-btn\"><i class='material-icons'>play_arrow<\/i><\/span>\n\t\t<p>\n\t\t\t<span class=\"qtmplayer-tit\">GPL garante retirada de brinquedos com teor ofensivo do mercado<\/span>\n\t\t\t<span class=\"qtmplayer-art\">Carla Quipungo<\/span>\n\t\t<\/p>\n\t<\/li>\n\t\t<\/ul>\n\t<\/div>\t\t\t\n\t\n<p>Chamados a intervir, os inspetores da ANIESA, apreenderam mais de cento e sessenta pistolas de brinquedos.<\/p>\n\t<div class=\"qtmplayer-playlist-large\">\n\t\t<ul class=\"qtmplayer-playlist\">\n\t\t\t\n\t\t\t\t\t<li class=\"qtmplayer-trackitem\">\n\t\t<img src=\"https:\/\/rna.ao\/rna.ao\/wp-content\/uploads\/2026\/03\/IMG_0448-100x100.jpeg\" alt=\"cover\">\t\t<span \t\t\tdata-qtmplayer-cover=\"https:\/\/rna.ao\/rna.ao\/wp-content\/uploads\/2026\/03\/IMG_0448.jpeg\"\n\t\t\t\t\t\tdata-qtmplayer-file=\"https:\/\/rna.ao\/rna.ao\/wp-content\/uploads\/2026\/03\/ADERITO-MENDES-.mp3\"\n\t\t\t\t\t\tdata-qtmplayer-title=\"GPL garante retirada de brinquedos com teor ofensivo do mercado\"\n\t\t\t\t\t\tdata-qtmplayer-artist=\"Carla Quipungo\"\n\t\t\t\t\t\tdata-qtmplayer-link=\"https:\/\/rna.ao\/rna.ao\/2026\/03\/10\/gpl-garante-retirada-de-brinquedos-com-teor-ofensivo-do-mercado\/\"\n\t\t\t\t\t\tdata-qtmplayer-icon=\"file_download\"\n\t\t\t\t\t\tdata-qtmplayer-type=\"track\"\n\t\t\t class=\"qtmplayer-play qtmplayer-link-sec qtmplayer-play-btn\"><i class='material-icons'>play_arrow<\/i><\/span>\n\t\t<p>\n\t\t\t<span class=\"qtmplayer-tit\">GPL garante retirada de brinquedos com teor ofensivo do mercado<\/span>\n\t\t\t<span class=\"qtmplayer-art\">Carla Quipungo<\/span>\n\t\t<\/p>\n\t<\/li>\n\t\t<\/ul>\n\t<\/div>\t\t\t\n\t\n","protected":false},"excerpt":{"rendered":"<p>O Governo da Prov\u00edncia de Luanda (GPL) garante continuar a trabalhar com as autoridades competentes no sentido de retirar de circula\u00e7\u00e3o todos os brinquedos com teor ofensivo comercializados no mercado. A garantia foi dada pelo director provincial de Desenvolvimento Integrado do GPL, Dorivaldo Ad\u00e3o, em reac\u00e7\u00e3o a um v\u00eddeo que ...<\/p>\n","protected":false},"author":9,"featured_media":210045,"comment_status":"closed","ping_status":"closed","sticky":false,"template":"","format":"standard","meta":[],"categories":[141,133],"tags":[],"_links":{"self":[{"href":"https:\/\/rna.ao\/rna.ao\/wp-json\/wp\/v2\/posts\/210010"}],"collection":[{"href":"https:\/\/rna.ao\/rna.ao\/wp-json\/wp\/v2\/posts"}],"about":[{"href":"https:\/\/rna.ao\/rna.ao\/wp-json\/wp\/v2\/types\/post"}],"author":[{"embeddable":true,"href":"https:\/\/rna.ao\/rna.ao\/wp-json\/wp\/v2\/users\/9"}],"replies":[{"embeddable":true,"href":"https:\/\/rna.ao\/rna.ao\/wp-json\/wp\/v2\/comments?post=210010"}],"version-history":[{"count":3,"href":"https:\/\/rna.ao\/rna.ao\/wp-json\/wp\/v2\/posts\/210010\/revisions"}],"predecessor-version":[{"id":210048,"href":"https:\/\/rna.ao\/rna.ao\/wp-json\/wp\/v2\/posts\/210010\/revisions\/210048"}],"wp:featuredmedia":[{"embeddable":true,"href":"https:\/\/rna.ao\/rna.ao\/wp-json\/wp\/v2\/media\/210045"}],"wp:attachment":[{"href":"https:\/\/rna.ao\/rna.ao\/wp-json\/wp\/v2\/media?parent=210010"}],"wp:term":[{"taxonomy":"category","embeddable":true,"href":"https:\/\/rna.ao\/rna.ao\/wp-json\/wp\/v2\/categories?post=210010"},{"taxonomy":"post_tag","embeddable":true,"href":"https:\/\/rna.ao\/rna.ao\/wp-json\/wp\/v2\/tags?post=210010"}],"curies":[{"name":"wp","href":"https:\/\/api.w.org\/{rel}","templated":true}]}}