{"id":209995,"date":"2026-03-10T13:51:33","date_gmt":"2026-03-10T12:51:33","guid":{"rendered":"https:\/\/rna.ao\/rna.ao\/?p=209995"},"modified":"2026-03-10T19:46:50","modified_gmt":"2026-03-10T18:46:50","slug":"presidente-da-republica-exonera-rui-carreira-do-cargo-de-secretario-de-estado-para-a-aviacao-civil-maritimo-e-portuario","status":"publish","type":"post","link":"https:\/\/rna.ao\/rna.ao\/2026\/03\/10\/presidente-da-republica-exonera-rui-carreira-do-cargo-de-secretario-de-estado-para-a-aviacao-civil-maritimo-e-portuario\/","title":{"rendered":"Presidente da Rep\u00fablica  exonera Rui Carreira do cargo de secret\u00e1rio de Estado para a Avia\u00e7\u00e3o Civil, Mar\u00edtimo e Portu\u00e1rio"},"content":{"rendered":"<p><img loading=\"lazy\" class=\"alignnone size-medium wp-image-209996\" src=\"https:\/\/rna.ao\/rna.ao\/wp-content\/uploads\/2026\/03\/IMG_0431-770x554.jpeg\" alt=\"\" width=\"770\" height=\"554\" srcset=\"https:\/\/rna.ao\/rna.ao\/wp-content\/uploads\/2026\/03\/IMG_0431-770x554.jpeg 770w, https:\/\/rna.ao\/rna.ao\/wp-content\/uploads\/2026\/03\/IMG_0431-768x553.jpeg 768w, https:\/\/rna.ao\/rna.ao\/wp-content\/uploads\/2026\/03\/IMG_0431.jpeg 1023w\" sizes=\"(max-width: 770px) 100vw, 770px\" \/><\/p>\n<p>O Presidente da Rep\u00fablica, Jo\u00e3o Louren\u00e7o, exonerou hoje Rui Paulo Carreira do cargo de Secret\u00e1rio de Estado para os Sectores da Avia\u00e7\u00e3o Civil, Mar\u00edtimo e Portu\u00e1rio.<\/p>\n<p>Num outro decreto, o Chefe de Estado nomeou Adilson Gabriel Alves Catala para o cargo de Secret\u00e1rio de Estado para os Sectores da Avia\u00e7\u00e3o Civil, Mar\u00edtimo e Portu\u00e1rio.<\/p>\n<p>Num terceiro diploma, o Presidente Jo\u00e3o Louren\u00e7o nomeou igualmente, por conveni\u00eancia de servi\u00e7o, Rosa Maria Martins da Cruz e Silva para o cargo de Comiss\u00e1ria Geral de Angola na EXPO Yokohama, Jap\u00e3o 2027.<\/p>\n","protected":false},"excerpt":{"rendered":"<p>O Presidente da Rep\u00fablica, Jo\u00e3o Louren\u00e7o, exonerou hoje Rui Paulo Carreira do cargo de Secret\u00e1rio de Estado para os Sectores da Avia\u00e7\u00e3o Civil, Mar\u00edtimo e Portu\u00e1rio. Num outro decreto, o Chefe de Estado nomeou Adilson Gabriel Alves Catala para o cargo de Secret\u00e1rio de Estado para os Sectores da Avia\u00e7\u00e3o ...<\/p>\n","protected":false},"author":9,"featured_media":209996,"comment_status":"closed","ping_status":"closed","sticky":false,"template":"","format":"standard","meta":[],"categories":[142,121,163],"tags":[],"_links":{"self":[{"href":"https:\/\/rna.ao\/rna.ao\/wp-json\/wp\/v2\/posts\/209995"}],"collection":[{"href":"https:\/\/rna.ao\/rna.ao\/wp-json\/wp\/v2\/posts"}],"about":[{"href":"https:\/\/rna.ao\/rna.ao\/wp-json\/wp\/v2\/types\/post"}],"author":[{"embeddable":true,"href":"https:\/\/rna.ao\/rna.ao\/wp-json\/wp\/v2\/users\/9"}],"replies":[{"embeddable":true,"href":"https:\/\/rna.ao\/rna.ao\/wp-json\/wp\/v2\/comments?post=209995"}],"version-history":[{"count":1,"href":"https:\/\/rna.ao\/rna.ao\/wp-json\/wp\/v2\/posts\/209995\/revisions"}],"predecessor-version":[{"id":209997,"href":"https:\/\/rna.ao\/rna.ao\/wp-json\/wp\/v2\/posts\/209995\/revisions\/209997"}],"wp:featuredmedia":[{"embeddable":true,"href":"https:\/\/rna.ao\/rna.ao\/wp-json\/wp\/v2\/media\/209996"}],"wp:attachment":[{"href":"https:\/\/rna.ao\/rna.ao\/wp-json\/wp\/v2\/media?parent=209995"}],"wp:term":[{"taxonomy":"category","embeddable":true,"href":"https:\/\/rna.ao\/rna.ao\/wp-json\/wp\/v2\/categories?post=209995"},{"taxonomy":"post_tag","embeddable":true,"href":"https:\/\/rna.ao\/rna.ao\/wp-json\/wp\/v2\/tags?post=209995"}],"curies":[{"name":"wp","href":"https:\/\/api.w.org\/{rel}","templated":true}]}}