{"id":209970,"date":"2026-03-10T13:43:32","date_gmt":"2026-03-10T12:43:32","guid":{"rendered":"https:\/\/rna.ao\/rna.ao\/?p=209970"},"modified":"2026-03-10T13:43:32","modified_gmt":"2026-03-10T12:43:32","slug":"selecao-angolana-de-taekwondo-cumpre-estagio-em-dakar","status":"publish","type":"post","link":"https:\/\/rna.ao\/rna.ao\/2026\/03\/10\/selecao-angolana-de-taekwondo-cumpre-estagio-em-dakar\/","title":{"rendered":"Sele\u00e7\u00e3o angolana de taekwondo cumpre est\u00e1gio em Dakar"},"content":{"rendered":"<p><img loading=\"lazy\" class=\"size-medium wp-image-209991\" src=\"https:\/\/rna.ao\/rna.ao\/wp-content\/uploads\/2026\/03\/IMG_0430-770x643.jpeg\" alt=\"\" width=\"770\" height=\"643\" srcset=\"https:\/\/rna.ao\/rna.ao\/wp-content\/uploads\/2026\/03\/IMG_0430-770x643.jpeg 770w, https:\/\/rna.ao\/rna.ao\/wp-content\/uploads\/2026\/03\/IMG_0430-768x641.jpeg 768w, https:\/\/rna.ao\/rna.ao\/wp-content\/uploads\/2026\/03\/IMG_0430.jpeg 852w\" sizes=\"(max-width: 770px) 100vw, 770px\" \/><\/p>\n<p>A sele\u00e7\u00e3o nacional de taekwondo, em juniores de ambos os g\u00e9neros, cumpre um est\u00e1gio de prepara\u00e7\u00e3o em Dakar, capital do Senegal, a convite do Comit\u00e9 Ol\u00edmpico Internacional.<\/p>\n<p>O combinado nacional iniciou mais esta etapa de prepara\u00e7\u00e3o, que decorre at\u00e9 ao dia 17 do corrente m\u00eas, com o objectivo de elevar o n\u00edvel competitivo dos atletas.<\/p>\n<p>A iniciativa enquadra-se na prepara\u00e7\u00e3o da equipa para a estreia nos Jogos Ol\u00edmpicos da Juventude de \u00c1frica, agendados para Dakar, entre 31 de outubro e 13 de novembro deste ano.<\/p>\n<p>O secret\u00e1rio-geral da Federa\u00e7\u00e3o Angolana de Taekwondo, Correia Camati, sublinha a import\u00e2ncia deste est\u00e1gio para o refor\u00e7o das capacidades t\u00e9cnicas e competitivas das sele\u00e7\u00f5es nacionais. Clique no \u00e1udio abaixo e ou\u00e7a :<\/p>\n\t<div class=\"qtmplayer-playlist-large\">\n\t\t<ul class=\"qtmplayer-playlist\">\n\t\t\t\n\t\t\t\t\t<li class=\"qtmplayer-trackitem\">\n\t\t<img src=\"https:\/\/rna.ao\/rna.ao\/wp-content\/uploads\/2026\/03\/IMG_0430-100x100.jpeg\" alt=\"cover\">\t\t<span \t\t\tdata-qtmplayer-cover=\"https:\/\/rna.ao\/rna.ao\/wp-content\/uploads\/2026\/03\/IMG_0430-370x370.jpeg\"\n\t\t\t\t\t\tdata-qtmplayer-file=\"https:\/\/rna.ao\/rna.ao\/wp-content\/uploads\/2026\/03\/9-CORREIA-CAMATE-10-03-26.mp3\"\n\t\t\t\t\t\tdata-qtmplayer-title=\"Sele\u00e7\u00e3o angolana de taekwondo cumpre est\u00e1gio em Dakar\"\n\t\t\t\t\t\tdata-qtmplayer-artist=\"Carla Quipungo\"\n\t\t\t\t\t\tdata-qtmplayer-link=\"https:\/\/rna.ao\/rna.ao\/2026\/03\/10\/selecao-angolana-de-taekwondo-cumpre-estagio-em-dakar\/\"\n\t\t\t\t\t\tdata-qtmplayer-icon=\"file_download\"\n\t\t\t\t\t\tdata-qtmplayer-type=\"track\"\n\t\t\t class=\"qtmplayer-play qtmplayer-link-sec qtmplayer-play-btn\"><i class='material-icons'>play_arrow<\/i><\/span>\n\t\t<p>\n\t\t\t<span class=\"qtmplayer-tit\">Sele\u00e7\u00e3o angolana de taekwondo cumpre est\u00e1gio em Dakar<\/span>\n\t\t\t<span class=\"qtmplayer-art\">Carla Quipungo<\/span>\n\t\t<\/p>\n\t<\/li>\n\t\t<\/ul>\n\t<\/div>\t\t\t\n\t\n","protected":false},"excerpt":{"rendered":"<p>A sele\u00e7\u00e3o nacional de taekwondo, em juniores de ambos os g\u00e9neros, cumpre um est\u00e1gio de prepara\u00e7\u00e3o em Dakar, capital do Senegal, a convite do Comit\u00e9 Ol\u00edmpico Internacional. O combinado nacional iniciou mais esta etapa de prepara\u00e7\u00e3o, que decorre at\u00e9 ao dia 17 do corrente m\u00eas, com o objectivo de elevar ...<\/p>\n","protected":false},"author":9,"featured_media":209991,"comment_status":"closed","ping_status":"closed","sticky":false,"template":"","format":"standard","meta":[],"categories":[145,125],"tags":[],"_links":{"self":[{"href":"https:\/\/rna.ao\/rna.ao\/wp-json\/wp\/v2\/posts\/209970"}],"collection":[{"href":"https:\/\/rna.ao\/rna.ao\/wp-json\/wp\/v2\/posts"}],"about":[{"href":"https:\/\/rna.ao\/rna.ao\/wp-json\/wp\/v2\/types\/post"}],"author":[{"embeddable":true,"href":"https:\/\/rna.ao\/rna.ao\/wp-json\/wp\/v2\/users\/9"}],"replies":[{"embeddable":true,"href":"https:\/\/rna.ao\/rna.ao\/wp-json\/wp\/v2\/comments?post=209970"}],"version-history":[{"count":3,"href":"https:\/\/rna.ao\/rna.ao\/wp-json\/wp\/v2\/posts\/209970\/revisions"}],"predecessor-version":[{"id":209992,"href":"https:\/\/rna.ao\/rna.ao\/wp-json\/wp\/v2\/posts\/209970\/revisions\/209992"}],"wp:featuredmedia":[{"embeddable":true,"href":"https:\/\/rna.ao\/rna.ao\/wp-json\/wp\/v2\/media\/209991"}],"wp:attachment":[{"href":"https:\/\/rna.ao\/rna.ao\/wp-json\/wp\/v2\/media?parent=209970"}],"wp:term":[{"taxonomy":"category","embeddable":true,"href":"https:\/\/rna.ao\/rna.ao\/wp-json\/wp\/v2\/categories?post=209970"},{"taxonomy":"post_tag","embeddable":true,"href":"https:\/\/rna.ao\/rna.ao\/wp-json\/wp\/v2\/tags?post=209970"}],"curies":[{"name":"wp","href":"https:\/\/api.w.org\/{rel}","templated":true}]}}