{"id":209966,"date":"2026-03-10T13:38:37","date_gmt":"2026-03-10T12:38:37","guid":{"rendered":"https:\/\/rna.ao\/rna.ao\/?p=209966"},"modified":"2026-03-10T13:38:37","modified_gmt":"2026-03-10T12:38:37","slug":"paulo-saraiva-e-o-novo-treinador-do-sporting-de-luanda","status":"publish","type":"post","link":"https:\/\/rna.ao\/rna.ao\/2026\/03\/10\/paulo-saraiva-e-o-novo-treinador-do-sporting-de-luanda\/","title":{"rendered":"Paulo Saraiva \u00e9 o novo treinador do Sporting de Luanda"},"content":{"rendered":"<p><img loading=\"lazy\" class=\"size-medium wp-image-209988\" src=\"https:\/\/rna.ao\/rna.ao\/wp-content\/uploads\/2026\/03\/IMG_0428-770x532.jpeg\" alt=\"\" width=\"770\" height=\"532\" srcset=\"https:\/\/rna.ao\/rna.ao\/wp-content\/uploads\/2026\/03\/IMG_0428-770x532.jpeg 770w, https:\/\/rna.ao\/rna.ao\/wp-content\/uploads\/2026\/03\/IMG_0428-768x531.jpeg 768w, https:\/\/rna.ao\/rna.ao\/wp-content\/uploads\/2026\/03\/IMG_0428.jpeg 1169w\" sizes=\"(max-width: 770px) 100vw, 770px\" \/><\/p>\n<p>O Sporting de Luanda tem um novo treinador. Trata-se de Paulo Saraiva, t\u00e9cnico de 53 anos de idade, que assume o comando t\u00e9cnico da equipa em substitui\u00e7\u00e3o de Patr\u00edcio Correia.<\/p>\n<p>A altera\u00e7\u00e3o no quadro t\u00e9cnico leonino foi confirmada pelo presidente do clube, Giani Martins.<\/p>\n<p>Segundo o dirigente, a mudan\u00e7a enquadra-se na estrat\u00e9gia do clube para refor\u00e7ar a equipa e preparar os pr\u00f3ximos desafios competitivos.<\/p>\n<p>Clique no \u00e1udio abaixo e ou\u00e7a:<\/p>\n\t<div class=\"qtmplayer-playlist-large\">\n\t\t<ul class=\"qtmplayer-playlist\">\n\t\t\t\n\t\t\t\t\t<li class=\"qtmplayer-trackitem\">\n\t\t<img src=\"https:\/\/rna.ao\/rna.ao\/wp-content\/uploads\/2026\/03\/IMG_0427-100x100.jpeg\" alt=\"cover\">\t\t<span \t\t\tdata-qtmplayer-cover=\"https:\/\/rna.ao\/rna.ao\/wp-content\/uploads\/2026\/03\/IMG_0427-370x370.jpeg\"\n\t\t\t\t\t\tdata-qtmplayer-file=\"https:\/\/rna.ao\/rna.ao\/wp-content\/uploads\/2026\/03\/7-GIANNI-MARTINS-10-03-26.mp3\"\n\t\t\t\t\t\tdata-qtmplayer-title=\"Paulo Saraiva \u00e9 o novo treinador do Sporting de Luanda\"\n\t\t\t\t\t\tdata-qtmplayer-artist=\"Carla Quipungo\"\n\t\t\t\t\t\tdata-qtmplayer-link=\"https:\/\/rna.ao\/rna.ao\/2026\/03\/10\/paulo-saraiva-e-o-novo-treinador-do-sporting-de-luanda\/\"\n\t\t\t\t\t\tdata-qtmplayer-icon=\"file_download\"\n\t\t\t\t\t\tdata-qtmplayer-type=\"track\"\n\t\t\t class=\"qtmplayer-play qtmplayer-link-sec qtmplayer-play-btn\"><i class='material-icons'>play_arrow<\/i><\/span>\n\t\t<p>\n\t\t\t<span class=\"qtmplayer-tit\">Paulo Saraiva \u00e9 o novo treinador do Sporting de Luanda<\/span>\n\t\t\t<span class=\"qtmplayer-art\">Carla Quipungo<\/span>\n\t\t<\/p>\n\t<\/li>\n\t\t<\/ul>\n\t<\/div>\t\t\t\n\t\n<p>Giani Martins em conferencia de imprensa quando apresentava Paulo saraiva como novo timoneiro do Sporting de Luanda.<\/p>\n<p>Paulo Saraiva que j\u00e1 fala a le\u00e3o, promete tudo fazer para ver o Sporting no Girabola. Clique no \u00e1udio abaixo e ou\u00e7a:<\/p>\n\t<div class=\"qtmplayer-playlist-large\">\n\t\t<ul class=\"qtmplayer-playlist\">\n\t\t\t\n\t\t\t\t\t<li class=\"qtmplayer-trackitem\">\n\t\t<img src=\"https:\/\/rna.ao\/rna.ao\/wp-content\/uploads\/2026\/03\/IMG_0427-100x100.jpeg\" alt=\"cover\">\t\t<span \t\t\tdata-qtmplayer-cover=\"https:\/\/rna.ao\/rna.ao\/wp-content\/uploads\/2026\/03\/IMG_0427-370x370.jpeg\"\n\t\t\t\t\t\tdata-qtmplayer-file=\"https:\/\/rna.ao\/rna.ao\/wp-content\/uploads\/2026\/03\/8-PAULO-SARAIVA-10-03-26.mp3\"\n\t\t\t\t\t\tdata-qtmplayer-title=\"Paulo Saraiva \u00e9 o novo treinador do Sporting de Luanda\"\n\t\t\t\t\t\tdata-qtmplayer-artist=\"Carla Quipungo\"\n\t\t\t\t\t\tdata-qtmplayer-link=\"https:\/\/rna.ao\/rna.ao\/2026\/03\/10\/paulo-saraiva-e-o-novo-treinador-do-sporting-de-luanda\/\"\n\t\t\t\t\t\tdata-qtmplayer-icon=\"file_download\"\n\t\t\t\t\t\tdata-qtmplayer-type=\"track\"\n\t\t\t class=\"qtmplayer-play qtmplayer-link-sec qtmplayer-play-btn\"><i class='material-icons'>play_arrow<\/i><\/span>\n\t\t<p>\n\t\t\t<span class=\"qtmplayer-tit\">Paulo Saraiva \u00e9 o novo treinador do Sporting de Luanda<\/span>\n\t\t\t<span class=\"qtmplayer-art\">Carla Quipungo<\/span>\n\t\t<\/p>\n\t<\/li>\n\t\t<\/ul>\n\t<\/div>\t\t\t\n\t\n<p>Paulo Saraiva o novo t\u00e9cnico do Sporting de Luanda que tem como ambi\u00e7\u00e3o qualificar a equipa a pr\u00f3xima Liga Unitel Girabola. Paulo saraiva \u00e9 angolano, t\u00e9cnico de 53 anos de idade, ate ent\u00e3o orientava o girabolista Luanda City, tendo j\u00e1 passado em clubes como Asa, 1\u00ba de Maio de Benguela, Acad\u00e9mica do Lobito, Santa Rita do U\u00edge, Atl\u00e9tico do Namibe e Domant do Bengo.<\/p>\n","protected":false},"excerpt":{"rendered":"<p>O Sporting de Luanda tem um novo treinador. Trata-se de Paulo Saraiva, t\u00e9cnico de 53 anos de idade, que assume o comando t\u00e9cnico da equipa em substitui\u00e7\u00e3o de Patr\u00edcio Correia. A altera\u00e7\u00e3o no quadro t\u00e9cnico leonino foi confirmada pelo presidente do clube, Giani Martins. Segundo o dirigente, a mudan\u00e7a enquadra-se ...<\/p>\n","protected":false},"author":9,"featured_media":209989,"comment_status":"closed","ping_status":"closed","sticky":false,"template":"","format":"standard","meta":[],"categories":[145,125],"tags":[],"_links":{"self":[{"href":"https:\/\/rna.ao\/rna.ao\/wp-json\/wp\/v2\/posts\/209966"}],"collection":[{"href":"https:\/\/rna.ao\/rna.ao\/wp-json\/wp\/v2\/posts"}],"about":[{"href":"https:\/\/rna.ao\/rna.ao\/wp-json\/wp\/v2\/types\/post"}],"author":[{"embeddable":true,"href":"https:\/\/rna.ao\/rna.ao\/wp-json\/wp\/v2\/users\/9"}],"replies":[{"embeddable":true,"href":"https:\/\/rna.ao\/rna.ao\/wp-json\/wp\/v2\/comments?post=209966"}],"version-history":[{"count":2,"href":"https:\/\/rna.ao\/rna.ao\/wp-json\/wp\/v2\/posts\/209966\/revisions"}],"predecessor-version":[{"id":209990,"href":"https:\/\/rna.ao\/rna.ao\/wp-json\/wp\/v2\/posts\/209966\/revisions\/209990"}],"wp:featuredmedia":[{"embeddable":true,"href":"https:\/\/rna.ao\/rna.ao\/wp-json\/wp\/v2\/media\/209989"}],"wp:attachment":[{"href":"https:\/\/rna.ao\/rna.ao\/wp-json\/wp\/v2\/media?parent=209966"}],"wp:term":[{"taxonomy":"category","embeddable":true,"href":"https:\/\/rna.ao\/rna.ao\/wp-json\/wp\/v2\/categories?post=209966"},{"taxonomy":"post_tag","embeddable":true,"href":"https:\/\/rna.ao\/rna.ao\/wp-json\/wp\/v2\/tags?post=209966"}],"curies":[{"name":"wp","href":"https:\/\/api.w.org\/{rel}","templated":true}]}}