{"id":209948,"date":"2026-03-10T12:02:26","date_gmt":"2026-03-10T11:02:26","guid":{"rendered":"https:\/\/rna.ao\/rna.ao\/?p=209948"},"modified":"2026-03-10T12:09:46","modified_gmt":"2026-03-10T11:09:46","slug":"dirigentes-angolanas-participam-no-conselho-regional-mulheres-a-liderar-em-mocambique","status":"publish","type":"post","link":"https:\/\/rna.ao\/rna.ao\/2026\/03\/10\/dirigentes-angolanas-participam-no-conselho-regional-mulheres-a-liderar-em-mocambique\/","title":{"rendered":"Dirigentes angolanas participam no Conselho Regional \u201cMulheres a Liderar\u201d em Mo\u00e7ambique"},"content":{"rendered":"<p><img loading=\"lazy\" class=\" wp-image-209959\" src=\"https:\/\/rna.ao\/rna.ao\/wp-content\/uploads\/2026\/03\/IMG_0410-770x588.jpeg\" alt=\"\" width=\"505\" height=\"386\" srcset=\"https:\/\/rna.ao\/rna.ao\/wp-content\/uploads\/2026\/03\/IMG_0410-770x588.jpeg 770w, https:\/\/rna.ao\/rna.ao\/wp-content\/uploads\/2026\/03\/IMG_0410-768x587.jpeg 768w, https:\/\/rna.ao\/rna.ao\/wp-content\/uploads\/2026\/03\/IMG_0410.jpeg 894w\" sizes=\"(max-width: 505px) 100vw, 505px\" \/><\/p>\n<p>Dirigentes desportivas angolanas participam em mais um dia de trabalhos do Conselho Regional Africano \u201cMulheres a Liderar\u201d, que decorre em Mo\u00e7ambique.<\/p>\n<p>O encontro, promovido pelo Conselho Superior dos Desportos da Uni\u00e3o Africana, entra hoje no segundo dia de actividades e tem como objectivo debater o fortalecimento da lideran\u00e7a feminina no desporto no continente africano.<\/p>\n<p>Entre as representantes de Angola est\u00e1 Ana Lima, presidente da Federa\u00e7\u00e3o Angolana de Nata\u00e7\u00e3o, que destacou a import\u00e2ncia da iniciativa para promover maior participa\u00e7\u00e3o das mulheres em cargos de lideran\u00e7a nas estruturas desportivas africanas. Clique no \u00e1udio abaixo e ou\u00e7a:<\/p>\n\t<div class=\"qtmplayer-playlist-large\">\n\t\t<ul class=\"qtmplayer-playlist\">\n\t\t\t\n\t\t\t\t\t<li class=\"qtmplayer-trackitem\">\n\t\t<img src=\"https:\/\/rna.ao\/rna.ao\/wp-content\/uploads\/2026\/03\/IMG_0410-100x100.jpeg\" alt=\"cover\">\t\t<span \t\t\tdata-qtmplayer-cover=\"https:\/\/rna.ao\/rna.ao\/wp-content\/uploads\/2026\/03\/IMG_0410-370x370.jpeg\"\n\t\t\t\t\t\tdata-qtmplayer-file=\"https:\/\/rna.ao\/rna.ao\/wp-content\/uploads\/2026\/03\/ANA-LIMA-10-03-26.mp3\"\n\t\t\t\t\t\tdata-qtmplayer-title=\"Dirigentes angolanas participam no Conselho Regional \u201cMulheres a Liderar\u201d em Mo\u00e7ambique\"\n\t\t\t\t\t\tdata-qtmplayer-artist=\"Carla Quipungo\"\n\t\t\t\t\t\tdata-qtmplayer-link=\"https:\/\/rna.ao\/rna.ao\/2026\/03\/10\/dirigentes-angolanas-participam-no-conselho-regional-mulheres-a-liderar-em-mocambique\/\"\n\t\t\t\t\t\tdata-qtmplayer-icon=\"file_download\"\n\t\t\t\t\t\tdata-qtmplayer-type=\"track\"\n\t\t\t class=\"qtmplayer-play qtmplayer-link-sec qtmplayer-play-btn\"><i class='material-icons'>play_arrow<\/i><\/span>\n\t\t<p>\n\t\t\t<span class=\"qtmplayer-tit\">Dirigentes angolanas participam no Conselho Regional \u201cMulheres a Liderar\u201d em Mo\u00e7ambique<\/span>\n\t\t\t<span class=\"qtmplayer-art\">Carla Quipungo<\/span>\n\t\t<\/p>\n\t<\/li>\n\t\t<\/ul>\n\t<\/div>\t\t\t\n\t\n<p>J\u00e1 Paula Lima, presidente da federa\u00e7\u00e3o dos desportos n\u00e1uticos, presente no real\u00e7ou o m\u00e9rito do f\u00f3rum. Clique no \u00e1udio abaixo e ou\u00e7a:<\/p>\n\t<div class=\"qtmplayer-playlist-large\">\n\t\t<ul class=\"qtmplayer-playlist\">\n\t\t\t\n\t\t\t\t\t<li class=\"qtmplayer-trackitem\">\n\t\t<img src=\"https:\/\/rna.ao\/rna.ao\/wp-content\/uploads\/2026\/03\/IMG_0410-100x100.jpeg\" alt=\"cover\">\t\t<span \t\t\tdata-qtmplayer-cover=\"https:\/\/rna.ao\/rna.ao\/wp-content\/uploads\/2026\/03\/IMG_0410-370x370.jpeg\"\n\t\t\t\t\t\tdata-qtmplayer-file=\"https:\/\/rna.ao\/rna.ao\/wp-content\/uploads\/2026\/03\/6-PAULA-LIMA-10-03-26.mp3\"\n\t\t\t\t\t\tdata-qtmplayer-title=\"Dirigentes angolanas participam no Conselho Regional \u201cMulheres a Liderar\u201d em Mo\u00e7ambique\"\n\t\t\t\t\t\tdata-qtmplayer-artist=\"Carla Quipungo\"\n\t\t\t\t\t\tdata-qtmplayer-link=\"https:\/\/rna.ao\/rna.ao\/2026\/03\/10\/dirigentes-angolanas-participam-no-conselho-regional-mulheres-a-liderar-em-mocambique\/\"\n\t\t\t\t\t\tdata-qtmplayer-icon=\"file_download\"\n\t\t\t\t\t\tdata-qtmplayer-type=\"track\"\n\t\t\t class=\"qtmplayer-play qtmplayer-link-sec qtmplayer-play-btn\"><i class='material-icons'>play_arrow<\/i><\/span>\n\t\t<p>\n\t\t\t<span class=\"qtmplayer-tit\">Dirigentes angolanas participam no Conselho Regional \u201cMulheres a Liderar\u201d em Mo\u00e7ambique<\/span>\n\t\t\t<span class=\"qtmplayer-art\">Carla Quipungo<\/span>\n\t\t<\/p>\n\t<\/li>\n\t\t<\/ul>\n\t<\/div>\t\t\t\n\t\n<p>&nbsp;<\/p>\n<p>&nbsp;<\/p>\n<p>&nbsp;<\/p>\n","protected":false},"excerpt":{"rendered":"<p>Dirigentes desportivas angolanas participam em mais um dia de trabalhos do Conselho Regional Africano \u201cMulheres a Liderar\u201d, que decorre em Mo\u00e7ambique. O encontro, promovido pelo Conselho Superior dos Desportos da Uni\u00e3o Africana, entra hoje no segundo dia de actividades e tem como objectivo debater o fortalecimento da lideran\u00e7a feminina no ...<\/p>\n","protected":false},"author":9,"featured_media":209959,"comment_status":"closed","ping_status":"closed","sticky":false,"template":"","format":"standard","meta":[],"categories":[145,125,1],"tags":[],"_links":{"self":[{"href":"https:\/\/rna.ao\/rna.ao\/wp-json\/wp\/v2\/posts\/209948"}],"collection":[{"href":"https:\/\/rna.ao\/rna.ao\/wp-json\/wp\/v2\/posts"}],"about":[{"href":"https:\/\/rna.ao\/rna.ao\/wp-json\/wp\/v2\/types\/post"}],"author":[{"embeddable":true,"href":"https:\/\/rna.ao\/rna.ao\/wp-json\/wp\/v2\/users\/9"}],"replies":[{"embeddable":true,"href":"https:\/\/rna.ao\/rna.ao\/wp-json\/wp\/v2\/comments?post=209948"}],"version-history":[{"count":4,"href":"https:\/\/rna.ao\/rna.ao\/wp-json\/wp\/v2\/posts\/209948\/revisions"}],"predecessor-version":[{"id":209965,"href":"https:\/\/rna.ao\/rna.ao\/wp-json\/wp\/v2\/posts\/209948\/revisions\/209965"}],"wp:featuredmedia":[{"embeddable":true,"href":"https:\/\/rna.ao\/rna.ao\/wp-json\/wp\/v2\/media\/209959"}],"wp:attachment":[{"href":"https:\/\/rna.ao\/rna.ao\/wp-json\/wp\/v2\/media?parent=209948"}],"wp:term":[{"taxonomy":"category","embeddable":true,"href":"https:\/\/rna.ao\/rna.ao\/wp-json\/wp\/v2\/categories?post=209948"},{"taxonomy":"post_tag","embeddable":true,"href":"https:\/\/rna.ao\/rna.ao\/wp-json\/wp\/v2\/tags?post=209948"}],"curies":[{"name":"wp","href":"https:\/\/api.w.org\/{rel}","templated":true}]}}