{"id":209937,"date":"2026-03-10T10:28:01","date_gmt":"2026-03-10T09:28:01","guid":{"rendered":"https:\/\/rna.ao\/rna.ao\/?p=209937"},"modified":"2026-03-10T10:28:01","modified_gmt":"2026-03-10T09:28:01","slug":"provedoria-de-justica-inaugura-nova-representacao-no-cuanza-norte","status":"publish","type":"post","link":"https:\/\/rna.ao\/rna.ao\/2026\/03\/10\/provedoria-de-justica-inaugura-nova-representacao-no-cuanza-norte\/","title":{"rendered":"Provedoria de Justi\u00e7a inaugura nova representa\u00e7\u00e3o no Cuanza-Norte"},"content":{"rendered":"<p><img loading=\"lazy\" class=\"alignnone  wp-image-209938\" src=\"https:\/\/rna.ao\/rna.ao\/wp-content\/uploads\/2026\/03\/IMG_0401-770x513.jpeg\" alt=\"\" width=\"513\" height=\"342\" srcset=\"https:\/\/rna.ao\/rna.ao\/wp-content\/uploads\/2026\/03\/IMG_0401-770x513.jpeg 770w, https:\/\/rna.ao\/rna.ao\/wp-content\/uploads\/2026\/03\/IMG_0401-768x512.jpeg 768w, https:\/\/rna.ao\/rna.ao\/wp-content\/uploads\/2026\/03\/IMG_0401.jpeg 960w\" sizes=\"(max-width: 513px) 100vw, 513px\" \/><\/p>\n<p>A representa\u00e7\u00e3o da Provedoria de Justi\u00e7a no Cuanza-Norte conta, desde ontem, com uma nova estrutura destinada a refor\u00e7ar os servi\u00e7os de defesa e promo\u00e7\u00e3o dos direitos dos cidad\u00e3os na prov\u00edncia.<\/p>\n<p>O novo edif\u00edcio foi inaugurado pela Provedora de Justi\u00e7a de Angola, Florbela Ara\u00fajo, no \u00e2mbito de uma visita de trabalho de dois dias que realiza \u00e0quela regi\u00e3o do pa\u00eds. Jornalista Sebasti\u00e3o Serafim . Clique no \u00e1udio abaixo e ou\u00e7a.<\/p>\n\t<div class=\"qtmplayer-playlist-large\">\n\t\t<ul class=\"qtmplayer-playlist\">\n\t\t\t\n\t\t\t\t\t<li class=\"qtmplayer-trackitem\">\n\t\t<img src=\"https:\/\/rna.ao\/rna.ao\/wp-content\/uploads\/2026\/03\/IMG_0404-100x100.jpeg\" alt=\"cover\">\t\t<span \t\t\tdata-qtmplayer-cover=\"https:\/\/rna.ao\/rna.ao\/wp-content\/uploads\/2026\/03\/IMG_0404-370x370.jpeg\"\n\t\t\t\t\t\tdata-qtmplayer-file=\"https:\/\/rna.ao\/rna.ao\/wp-content\/uploads\/2026\/03\/CUANZA-NORTE-PROVEDORIA-DE-JUSTICA-06HRS.mp3\"\n\t\t\t\t\t\tdata-qtmplayer-title=\"Provedoria de Justi\u00e7a inaugura nova representa\u00e7\u00e3o no Cuanza-Norte\"\n\t\t\t\t\t\tdata-qtmplayer-artist=\"Carla Quipungo\"\n\t\t\t\t\t\tdata-qtmplayer-link=\"https:\/\/rna.ao\/rna.ao\/2026\/03\/10\/provedoria-de-justica-inaugura-nova-representacao-no-cuanza-norte\/\"\n\t\t\t\t\t\tdata-qtmplayer-icon=\"file_download\"\n\t\t\t\t\t\tdata-qtmplayer-type=\"track\"\n\t\t\t class=\"qtmplayer-play qtmplayer-link-sec qtmplayer-play-btn\"><i class='material-icons'>play_arrow<\/i><\/span>\n\t\t<p>\n\t\t\t<span class=\"qtmplayer-tit\">Provedoria de Justi\u00e7a inaugura nova representa\u00e7\u00e3o no Cuanza-Norte<\/span>\n\t\t\t<span class=\"qtmplayer-art\">Carla Quipungo<\/span>\n\t\t<\/p>\n\t<\/li>\n\t\t<\/ul>\n\t<\/div>\t\t\t\n\t\n","protected":false},"excerpt":{"rendered":"<p>A representa\u00e7\u00e3o da Provedoria de Justi\u00e7a no Cuanza-Norte conta, desde ontem, com uma nova estrutura destinada a refor\u00e7ar os servi\u00e7os de defesa e promo\u00e7\u00e3o dos direitos dos cidad\u00e3os na prov\u00edncia. O novo edif\u00edcio foi inaugurado pela Provedora de Justi\u00e7a de Angola, Florbela Ara\u00fajo, no \u00e2mbito de uma visita de trabalho ...<\/p>\n","protected":false},"author":9,"featured_media":209939,"comment_status":"closed","ping_status":"closed","sticky":false,"template":"","format":"standard","meta":[],"categories":[142,121,163],"tags":[],"_links":{"self":[{"href":"https:\/\/rna.ao\/rna.ao\/wp-json\/wp\/v2\/posts\/209937"}],"collection":[{"href":"https:\/\/rna.ao\/rna.ao\/wp-json\/wp\/v2\/posts"}],"about":[{"href":"https:\/\/rna.ao\/rna.ao\/wp-json\/wp\/v2\/types\/post"}],"author":[{"embeddable":true,"href":"https:\/\/rna.ao\/rna.ao\/wp-json\/wp\/v2\/users\/9"}],"replies":[{"embeddable":true,"href":"https:\/\/rna.ao\/rna.ao\/wp-json\/wp\/v2\/comments?post=209937"}],"version-history":[{"count":2,"href":"https:\/\/rna.ao\/rna.ao\/wp-json\/wp\/v2\/posts\/209937\/revisions"}],"predecessor-version":[{"id":209946,"href":"https:\/\/rna.ao\/rna.ao\/wp-json\/wp\/v2\/posts\/209937\/revisions\/209946"}],"wp:featuredmedia":[{"embeddable":true,"href":"https:\/\/rna.ao\/rna.ao\/wp-json\/wp\/v2\/media\/209939"}],"wp:attachment":[{"href":"https:\/\/rna.ao\/rna.ao\/wp-json\/wp\/v2\/media?parent=209937"}],"wp:term":[{"taxonomy":"category","embeddable":true,"href":"https:\/\/rna.ao\/rna.ao\/wp-json\/wp\/v2\/categories?post=209937"},{"taxonomy":"post_tag","embeddable":true,"href":"https:\/\/rna.ao\/rna.ao\/wp-json\/wp\/v2\/tags?post=209937"}],"curies":[{"name":"wp","href":"https:\/\/api.w.org\/{rel}","templated":true}]}}