{"id":209924,"date":"2026-03-10T10:06:13","date_gmt":"2026-03-10T09:06:13","guid":{"rendered":"https:\/\/rna.ao\/rna.ao\/?p=209924"},"modified":"2026-03-10T10:06:13","modified_gmt":"2026-03-10T09:06:13","slug":"mais-de-duas-mil-pessoas-vulneraveis-no-huambo-beneficiam-do-kwenda-urbano","status":"publish","type":"post","link":"https:\/\/rna.ao\/rna.ao\/2026\/03\/10\/mais-de-duas-mil-pessoas-vulneraveis-no-huambo-beneficiam-do-kwenda-urbano\/","title":{"rendered":"Mais de duas mil pessoas vulner\u00e1veis no Huambo beneficiam do Kwenda Urbano"},"content":{"rendered":"<p><img loading=\"lazy\" class=\"alignnone size-full wp-image-135754\" src=\"https:\/\/rna.ao\/rna.ao\/wp-content\/uploads\/2024\/03\/Huambo-Kwendaa.jpg\" alt=\"\" width=\"333\" height=\"222\" \/><\/p>\n<p>Mais de duas mil pessoas em situa\u00e7\u00e3o de vulnerabilidade social na prov\u00edncia do Huambo v\u00e3o beneficiar do programa Kwenda Urbano.<\/p>\n<p>O programa de transfer\u00eancias sociais monet\u00e1rias ser\u00e1 refor\u00e7ado com 166 milh\u00f5es de kwanzas, destinados a apoiar fam\u00edlias em condi\u00e7\u00f5es econ\u00f3micas desfavor\u00e1veis. Jornalista Francelino Pedro. Clique no \u00e1udio abaixo e ou\u00e7a:<\/p>\n\t<div class=\"qtmplayer-playlist-large\">\n\t\t<ul class=\"qtmplayer-playlist\">\n\t\t\t\n\t\t\t\t\t<li class=\"qtmplayer-trackitem\">\n\t\t<img src=\"https:\/\/rna.ao\/rna.ao\/wp-content\/uploads\/2024\/03\/Huambo-Kwendaa-100x100.jpg\" alt=\"cover\">\t\t<span \t\t\tdata-qtmplayer-cover=\"https:\/\/rna.ao\/rna.ao\/wp-content\/uploads\/2024\/03\/Huambo-Kwendaa.jpg\"\n\t\t\t\t\t\tdata-qtmplayer-file=\"https:\/\/rna.ao\/rna.ao\/wp-content\/uploads\/2026\/03\/HUAMBO-KWENDA-07-HRS.mp3\"\n\t\t\t\t\t\tdata-qtmplayer-title=\"Mais de duas mil pessoas vulner\u00e1veis no Huambo beneficiam do Kwenda Urbano\"\n\t\t\t\t\t\tdata-qtmplayer-artist=\"Carla Quipungo\"\n\t\t\t\t\t\tdata-qtmplayer-link=\"https:\/\/rna.ao\/rna.ao\/2026\/03\/10\/mais-de-duas-mil-pessoas-vulneraveis-no-huambo-beneficiam-do-kwenda-urbano\/\"\n\t\t\t\t\t\tdata-qtmplayer-icon=\"file_download\"\n\t\t\t\t\t\tdata-qtmplayer-type=\"track\"\n\t\t\t class=\"qtmplayer-play qtmplayer-link-sec qtmplayer-play-btn\"><i class='material-icons'>play_arrow<\/i><\/span>\n\t\t<p>\n\t\t\t<span class=\"qtmplayer-tit\">Mais de duas mil pessoas vulner\u00e1veis no Huambo beneficiam do Kwenda Urbano<\/span>\n\t\t\t<span class=\"qtmplayer-art\">Carla Quipungo<\/span>\n\t\t<\/p>\n\t<\/li>\n\t\t<\/ul>\n\t<\/div>\t\t\t\n\t\n","protected":false},"excerpt":{"rendered":"<p>Mais de duas mil pessoas em situa\u00e7\u00e3o de vulnerabilidade social na prov\u00edncia do Huambo v\u00e3o beneficiar do programa Kwenda Urbano. O programa de transfer\u00eancias sociais monet\u00e1rias ser\u00e1 refor\u00e7ado com 166 milh\u00f5es de kwanzas, destinados a apoiar fam\u00edlias em condi\u00e7\u00f5es econ\u00f3micas desfavor\u00e1veis. Jornalista Francelino Pedro. Clique no \u00e1udio abaixo e ou\u00e7a:<\/p>\n","protected":false},"author":9,"featured_media":135754,"comment_status":"closed","ping_status":"closed","sticky":false,"template":"","format":"standard","meta":[],"categories":[142,121,163],"tags":[],"_links":{"self":[{"href":"https:\/\/rna.ao\/rna.ao\/wp-json\/wp\/v2\/posts\/209924"}],"collection":[{"href":"https:\/\/rna.ao\/rna.ao\/wp-json\/wp\/v2\/posts"}],"about":[{"href":"https:\/\/rna.ao\/rna.ao\/wp-json\/wp\/v2\/types\/post"}],"author":[{"embeddable":true,"href":"https:\/\/rna.ao\/rna.ao\/wp-json\/wp\/v2\/users\/9"}],"replies":[{"embeddable":true,"href":"https:\/\/rna.ao\/rna.ao\/wp-json\/wp\/v2\/comments?post=209924"}],"version-history":[{"count":2,"href":"https:\/\/rna.ao\/rna.ao\/wp-json\/wp\/v2\/posts\/209924\/revisions"}],"predecessor-version":[{"id":209932,"href":"https:\/\/rna.ao\/rna.ao\/wp-json\/wp\/v2\/posts\/209924\/revisions\/209932"}],"wp:featuredmedia":[{"embeddable":true,"href":"https:\/\/rna.ao\/rna.ao\/wp-json\/wp\/v2\/media\/135754"}],"wp:attachment":[{"href":"https:\/\/rna.ao\/rna.ao\/wp-json\/wp\/v2\/media?parent=209924"}],"wp:term":[{"taxonomy":"category","embeddable":true,"href":"https:\/\/rna.ao\/rna.ao\/wp-json\/wp\/v2\/categories?post=209924"},{"taxonomy":"post_tag","embeddable":true,"href":"https:\/\/rna.ao\/rna.ao\/wp-json\/wp\/v2\/tags?post=209924"}],"curies":[{"name":"wp","href":"https:\/\/api.w.org\/{rel}","templated":true}]}}